{"id":49973,"date":"2019-05-28T23:53:58","date_gmt":"2019-05-29T04:53:58","guid":{"rendered":"http:\/\/elinformanteperu.com\/?p=49973"},"modified":"2019-05-28T23:53:58","modified_gmt":"2019-05-29T04:53:58","slug":"chavarry-esta-devolviendo-favores-al-fujimorismo-y-apra-afirma-arana","status":"publish","type":"post","link":"https:\/\/elinformanteperu.com\/index.php\/2019\/05\/28\/chavarry-esta-devolviendo-favores-al-fujimorismo-y-apra-afirma-arana\/","title":{"rendered":"Ch\u00e1varry est\u00e1 devolviendo favores al fujimorismo y Apra, afirma Arana"},"content":{"rendered":"<p><strong><span style=\"color: #000000;\">El fiscal Pedro Ch\u00e1varry est\u00e1 devolviendo los favores al fujimorismo por blindarlo y, adem\u00e1s, muestra un patr\u00f3n de negociaci\u00f3n bajo la mesa con Fuerza Popular y el Apra, afirm\u00f3 el congresista Marco Arana.<\/span><\/strong><\/p>\n<p><span style=\"color: #000000;\"><strong>Lima, 28 Mayo 2019, (ANDINA).-<\/strong> El fiscal supremo Pedro Ch\u00e1varry est\u00e1 devolviendo los favores al fujimorismo por blindarlo y, adem\u00e1s, muestra un patr\u00f3n de negociaci\u00f3n bajo la mesa con Fuerza Popular y el Apra, al expresar su critica por actuaci\u00f3n de la fiscal\u00eda respecto a los casos de Keiko Fujimori y Alan Garc\u00eda, afirm\u00f3 el congresista del Frente Amplio, Marco Arana.<\/span><\/p>\n<p><span style=\"color: #000000;\">\u00abLo que estamos viendo es un patr\u00f3n de negociaci\u00f3n bajo la mesa ente el fujimorismo y (Pedro) Ch\u00e1varry, como se devuelven los favores. Entonces, cuando \u00e9l viene a atacar a la oposici\u00f3n, al Ejecutivo, a los medios de comunicaci\u00f3n y, a la vez, ensalzar y victimizar a Keiko Fujimori le devuelve las flores al fujimorismo por el voto del blindaje anterior y el de hoy en la ma\u00f1ana\u00bb, dijo a la Agencia Andina.<\/span><\/p>\n<p><span style=\"color: #000000;\">Asimismo, precis\u00f3 que este acuerdo puede constatarse en las conversaciones del chat \u00abLa Botica\u00bb, donde se expresa el respaldo al exfiscal de la Naci\u00f3n.<\/span><\/p>\n<p><span style=\"color: #000000;\">\u00abLo que ha hecho \u00e9l ahora durante su defensa, es retornarles el favor que le est\u00e1n dando a trav\u00e9s del blindaje\u00bb, asegur\u00f3.<\/span><\/p>\n<p><span style=\"color: #000000;\">Asimismo, precis\u00f3 que tambi\u00e9n muestra esa misma relaci\u00f3n y acuerdo con el Apra, cuando cuestion\u00f3 en el Congreso el proceder del Ministerio P\u00fablico en la diligencia de detenci\u00f3n del expresidente Alan Garc\u00eda, en medio de las celebraciones por la Semana Santa.<\/span><\/p>\n<p><span style=\"color: #000000;\">Arana viene participando en la sesi\u00f3n de la Comisi\u00f3n Permanente que debate el informe final sobre las denuncias acumuladas en contra de Pedro Ch\u00e1varry Vallejos, que recomienda la destituci\u00f3n e inhabilitaci\u00f3n, por diez a\u00f1os, del fiscal supremo.<\/span><\/p>\n<p><span style=\"color: #000000;\">Previamente, gracias a los votos de Fuerza Popular y el Apra, la Comisi\u00f3n Permanente rechaz\u00f3 la denuncia constitucional presentada contra el exfiscal de la Naci\u00f3n, por el deslacrado de una oficina del Ministerio P\u00fablico y se decidi\u00f3 que retorne a la Subcomisi\u00f3n de Acusaciones Constitucionales para un nuevo an\u00e1lisis.<\/span><\/p>\n","protected":false},"excerpt":{"rendered":"<p>El fiscal Pedro Ch\u00e1varry est\u00e1 devolviendo los favores al fujimorismo por blindarlo y, adem\u00e1s, muestra un patr\u00f3n de negociaci\u00f3n bajo la mesa con Fuerza Popular y el Apra, afirm\u00f3 el congresista Marco Arana. Lima, 28 Mayo 2019, (ANDINA).- El fiscal supremo Pedro Ch\u00e1varry est\u00e1 devolviendo los favores al fujimorismo por blindarlo y, adem\u00e1s, muestra un [&hellip;]<\/p>\n","protected":false},"author":1,"featured_media":23848,"comment_status":"open","ping_status":"open","sticky":false,"template":"","format":"standard","meta":{"rop_custom_images_group":[],"rop_custom_messages_group":[],"rop_publish_now":"initial","rop_publish_now_accounts":[],"rop_publish_now_history":[],"rop_publish_now_status":"pending","footnotes":""},"categories":[5],"tags":[192,476,3209],"class_list":["post-49973","post","type-post","status-publish","format-standard","has-post-thumbnail","hentry","category-actualidad-informativa","tag-congreso","tag-marco-arana","tag-pedro-chavarry"],"_links":{"self":[{"href":"https:\/\/elinformanteperu.com\/index.php\/wp-json\/wp\/v2\/posts\/49973","targetHints":{"allow":["GET"]}}],"collection":[{"href":"https:\/\/elinformanteperu.com\/index.php\/wp-json\/wp\/v2\/posts"}],"about":[{"href":"https:\/\/elinformanteperu.com\/index.php\/wp-json\/wp\/v2\/types\/post"}],"author":[{"embeddable":true,"href":"https:\/\/elinformanteperu.com\/index.php\/wp-json\/wp\/v2\/users\/1"}],"replies":[{"embeddable":true,"href":"https:\/\/elinformanteperu.com\/index.php\/wp-json\/wp\/v2\/comments?post=49973"}],"version-history":[{"count":1,"href":"https:\/\/elinformanteperu.com\/index.php\/wp-json\/wp\/v2\/posts\/49973\/revisions"}],"predecessor-version":[{"id":49974,"href":"https:\/\/elinformanteperu.com\/index.php\/wp-json\/wp\/v2\/posts\/49973\/revisions\/49974"}],"wp:featuredmedia":[{"embeddable":true,"href":"https:\/\/elinformanteperu.com\/index.php\/wp-json\/wp\/v2\/media\/23848"}],"wp:attachment":[{"href":"https:\/\/elinformanteperu.com\/index.php\/wp-json\/wp\/v2\/media?parent=49973"}],"wp:term":[{"taxonomy":"category","embeddable":true,"href":"https:\/\/elinformanteperu.com\/index.php\/wp-json\/wp\/v2\/categories?post=49973"},{"taxonomy":"post_tag","embeddable":true,"href":"https:\/\/elinformanteperu.com\/index.php\/wp-json\/wp\/v2\/tags?post=49973"}],"curies":[{"name":"wp","href":"https:\/\/api.w.org\/{rel}","templated":true}]}}