{"id":49968,"date":"2019-05-28T23:49:22","date_gmt":"2019-05-29T04:49:22","guid":{"rendered":"http:\/\/elinformanteperu.com\/?p=49968"},"modified":"2019-05-28T23:49:22","modified_gmt":"2019-05-29T04:49:22","slug":"chavarry-no-he-cometido-ningun-delito-o-infraccion-constitucional","status":"publish","type":"post","link":"https:\/\/elinformanteperu.com\/index.php\/2019\/05\/28\/chavarry-no-he-cometido-ningun-delito-o-infraccion-constitucional\/","title":{"rendered":"Ch\u00e1varry: no he cometido ning\u00fan delito o infracci\u00f3n constitucional"},"content":{"rendered":"<p><strong><span style=\"color: #000000;\">El fiscal supremo Pedro Ch\u00e1varry afirm\u00f3 que no cometi\u00f3 ning\u00fan delito o infracci\u00f3n constitucional y que se le maltrata medi\u00e1ticamente.<\/span><\/strong><\/p>\n<p><span style=\"color: #000000;\"><strong>Lima, 28 Mayo 2019, (ANDINA).-<\/strong> El fiscal supremo Pedro Ch\u00e1varry afirm\u00f3 que no cometi\u00f3 ning\u00fan delito o infracci\u00f3n constitucional y que se le maltrata medi\u00e1ticamente, cuando siempre actu\u00f3 fuertemente contra la corrupci\u00f3n.<\/span><\/p>\n<p><span style=\"color: #000000;\">\u00abQuiero recalcar y decirles que no he cometido ning\u00fan delito, que no he cometido ninguna infracci\u00f3n constitucional que me han atribuido y que me motiva a presentarme ante ustedes\u00bb, precis\u00f3 ante la Comisi\u00f3n Permanente que lo recibi\u00f3 para escuchar su defensa frente al informe que recomienda destituirlo e inhabilitarlo de la funci\u00f3n p\u00fablica por su v\u00ednculo con la organizaci\u00f3n criminal los Cuellos Blancos del Puerto.<\/span><\/p>\n<p><span style=\"color: #000000;\">Flanqueado por sus dos abogados, Ch\u00e1varry asegur\u00f3 que grupos ligados a la organizaci\u00f3n terrorista Sendero Luminoso y de la organizaci\u00f3n delictiva de Rodolfo Orellana buscan \u00abaniquilarlo\u00bb como magistrado, pues como fiscal investig\u00f3 a los miembros de ambos grupos.<\/span><\/p>\n<p><span style=\"color: #000000;\">Asimismo, enfil\u00f3 contra el Instituto de Defensa Legal (IDL) al que acus\u00f3 de colaborar con las acusaciones en su contra.<\/span><\/p>\n<p><span style=\"color: #000000;\">Sostuvo tambi\u00e9n que el Presidente de la Rep\u00fablica, Mart\u00edn Vizcarra, se molest\u00f3 con \u00e9l porque decidi\u00f3 reabrir la investigaci\u00f3n del aeropuerto de Chinchero.<\/span><\/p>\n<p><span style=\"color: #000000;\">\u00abPor eso no me perdona\u00bb, refiri\u00f3.<\/span><\/p>\n<p><span style=\"color: #000000;\">Adem\u00e1s, sostuvo que el Club de la Construcci\u00f3n nunca pudo \u00abganar su silencio\u00bb.<\/span><\/p>\n<p><span style=\"color: #000000;\">Cuestion\u00f3 que el Congreso plantee sancionarlo, cuando siempre luch\u00f3 contra la corrupci\u00f3n; mientras que al fiscal Jos\u00e9 Domingo P\u00e9rez, quien calific\u00f3 de guerrilleros a los miembros de Sendero Luminoso, le permiten criticarlo y hasta ordenar que lo aparten del Ministerio P\u00fablico.<\/span><\/p>\n<p><span style=\"color: #000000;\">En otro momento, expres\u00f3 que el Gobierno no tiene que incomodarse por su trabajo, porque siempre fue \u00abindependiente\u00bb y \u00abapol\u00edtico\u00bb, y siempre defendi\u00f3 la institucionalidad del Ministerio P\u00fablico.<\/span><\/p>\n<p><span style=\"color: #000000;\">Ante la Comisi\u00f3n Permanente de mayor\u00eda conformada por las bancadas de Fuerza Popular y el Apra, Ch\u00e1varry critic\u00f3 el accionar del equipo especial del Ministerio P\u00fablico para el caso Lava Jato en las indagaciones a Keiko Fujimori, Alan Garc\u00eda y Susana Villar\u00e1n.<\/span><\/p>\n<p><span style=\"color: #000000;\">Respecto a Fujimori, Ch\u00e1varry Vallejos agreg\u00f3 que no tiene sentido que Keiko Fujimori afronte 36 meses de prisi\u00f3n preventiva \u00absin haberse probado que recibi\u00f3 dinero de alguien\u00bb.<\/span><\/p>\n<p><span style=\"color: #000000;\">\u00abCon ello iba mi trabajo, no para defender a alguien, sino para defender la presunci\u00f3n de inocencia, porque no se puede encerrar a alguien sin pruebas, eso es muy grave\u00bb, agreg\u00f3 tras cuestionar que se le haya obligado a usar el chaleco de detenido de la Polic\u00eda Nacional.<\/span><\/p>\n<p><span style=\"color: #000000;\">En ese sentido, opin\u00f3 que hubo un trato diferenciado con lo ocurrido con la exalcaldesa de Lima Susana Villar\u00e1n, a quien solo le dieron 18 meses de prisi\u00f3n preventiva y quien recibi\u00f3 10 millones de d\u00f3lares, lo que le caus\u00f3 \u00abmolestia\u00bb por la falta de ponderaci\u00f3n en el tratamiento de ambos casos.<\/span><\/p>\n<p><span style=\"color: #000000;\">Critic\u00f3, igualmente, la decisi\u00f3n de allanar la vivienda del expresidente Alan Garc\u00eda en Semana Santa, cuando pudo haberse procedido a ejecutar las diligencias el d\u00eda en que el l\u00edder aprista ten\u00eda previsto acudir a una diligencia fiscal.<\/span><\/p>\n<p><span style=\"color: #000000;\">Tambi\u00e9n calific\u00f3 de \u00abentreguista\u00bb el acuerdo suscrito entre el Ministerio P\u00fablico y la empresa Odebrecht, y justific\u00f3 el pedido que formul\u00f3 al fiscal Rafael Vela para que le informara los detalles de ese convenio.<\/span><\/p>\n<p><span style=\"color: #000000;\">Ch\u00e1varry enfil\u00f3 sus cr\u00edticas contra el fiscal Jos\u00e9 Domingo P\u00e9rez, a quien acus\u00f3 de criticarlo constantemente sin respetar las jerarqu\u00edas en el Ministerio P\u00fablico<\/span>.<\/p>\n","protected":false},"excerpt":{"rendered":"<p>El fiscal supremo Pedro Ch\u00e1varry afirm\u00f3 que no cometi\u00f3 ning\u00fan delito o infracci\u00f3n constitucional y que se le maltrata medi\u00e1ticamente. Lima, 28 Mayo 2019, (ANDINA).- El fiscal supremo Pedro Ch\u00e1varry afirm\u00f3 que no cometi\u00f3 ning\u00fan delito o infracci\u00f3n constitucional y que se le maltrata medi\u00e1ticamente, cuando siempre actu\u00f3 fuertemente contra la corrupci\u00f3n. \u00abQuiero recalcar y [&hellip;]<\/p>\n","protected":false},"author":1,"featured_media":49969,"comment_status":"open","ping_status":"open","sticky":false,"template":"","format":"standard","meta":{"rop_custom_images_group":[],"rop_custom_messages_group":[],"rop_publish_now":"initial","rop_publish_now_accounts":[],"rop_publish_now_history":[],"rop_publish_now_status":"pending","footnotes":""},"categories":[5],"tags":[192,3209],"class_list":["post-49968","post","type-post","status-publish","format-standard","has-post-thumbnail","hentry","category-actualidad-informativa","tag-congreso","tag-pedro-chavarry"],"_links":{"self":[{"href":"https:\/\/elinformanteperu.com\/index.php\/wp-json\/wp\/v2\/posts\/49968","targetHints":{"allow":["GET"]}}],"collection":[{"href":"https:\/\/elinformanteperu.com\/index.php\/wp-json\/wp\/v2\/posts"}],"about":[{"href":"https:\/\/elinformanteperu.com\/index.php\/wp-json\/wp\/v2\/types\/post"}],"author":[{"embeddable":true,"href":"https:\/\/elinformanteperu.com\/index.php\/wp-json\/wp\/v2\/users\/1"}],"replies":[{"embeddable":true,"href":"https:\/\/elinformanteperu.com\/index.php\/wp-json\/wp\/v2\/comments?post=49968"}],"version-history":[{"count":1,"href":"https:\/\/elinformanteperu.com\/index.php\/wp-json\/wp\/v2\/posts\/49968\/revisions"}],"predecessor-version":[{"id":49970,"href":"https:\/\/elinformanteperu.com\/index.php\/wp-json\/wp\/v2\/posts\/49968\/revisions\/49970"}],"wp:featuredmedia":[{"embeddable":true,"href":"https:\/\/elinformanteperu.com\/index.php\/wp-json\/wp\/v2\/media\/49969"}],"wp:attachment":[{"href":"https:\/\/elinformanteperu.com\/index.php\/wp-json\/wp\/v2\/media?parent=49968"}],"wp:term":[{"taxonomy":"category","embeddable":true,"href":"https:\/\/elinformanteperu.com\/index.php\/wp-json\/wp\/v2\/categories?post=49968"},{"taxonomy":"post_tag","embeddable":true,"href":"https:\/\/elinformanteperu.com\/index.php\/wp-json\/wp\/v2\/tags?post=49968"}],"curies":[{"name":"wp","href":"https:\/\/api.w.org\/{rel}","templated":true}]}}