{"id":49962,"date":"2019-05-28T23:36:41","date_gmt":"2019-05-29T04:36:41","guid":{"rendered":"http:\/\/elinformanteperu.com\/?p=49962"},"modified":"2019-05-29T00:41:52","modified_gmt":"2019-05-29T05:41:52","slug":"mef-participa-en-evaluacion-de-contratos-de-concesion-de-linea-amarilla-y-rutas-de-lima","status":"publish","type":"post","link":"https:\/\/elinformanteperu.com\/index.php\/2019\/05\/28\/mef-participa-en-evaluacion-de-contratos-de-concesion-de-linea-amarilla-y-rutas-de-lima\/","title":{"rendered":"MEF participa en evaluaci\u00f3n de contratos de concesi\u00f3n de L\u00ednea Amarilla y Rutas de Lima"},"content":{"rendered":"<p><strong><span style=\"color: #000000;\">El Ministerio de Econom\u00eda y Finanzas (MEF) participa en una evaluaci\u00f3n conjunta de los contratos con los concesionarios de L\u00ednea Amarilla y Rutas de Lima.<\/span><\/strong><\/p>\n<p><span style=\"color: #000000;\"><strong>Lima, 28 Mayo 2019, (ANDINA).-<\/strong> El Ministerio de Econom\u00eda y Finanzas (MEF) participa en una evaluaci\u00f3n conjunta, junto con la Municipalidad de Lima, de los contratos con los concesionarios de L\u00ednea Amarilla y Rutas de Lima, inform\u00f3 el titular del sector, Carlos Oliva.<\/span><\/p>\n<p><span style=\"color: #000000;\">\u201cHemos reaccionado al pedido que hizo la Municipalidad de Lima para el tema de la evaluaci\u00f3n conjunta de los contratos de concesi\u00f3n\u201d, detall\u00f3 declar\u00f3 luego de participar en el Per\u00fa CFO Summit 2019.<\/span><\/p>\n<p><span style=\"color: #000000;\">Refiri\u00f3 que el viernes participaron en la primera sesi\u00f3n con sus equipos t\u00e9cnicos. \u201cEstamos apoyando en el \u00e1mbito que le corresponde al MEF para llegar a una eventual adenda\u201d, afirm\u00f3.<\/span><\/p>\n<p><strong><span style=\"color: #000000;\">Competencias<\/span><\/strong><\/p>\n<p><span style=\"color: #000000;\">Explic\u00f3 que el MEF tiene competencias bastante claras en este tema, establecidas en la Ley. \u201cSon cinco competencias que est\u00e1n vinculadas, entre los que destacan el financiamiento y equilibrio econ\u00f3mico\u201d, dijo.<\/span><\/p>\n<p><span style=\"color: #000000;\">Sin embargo, dijo que hay otros temas que escapan al \u00e1mbito del MEF por lo que se ha optado por una evaluaci\u00f3n conjunta.<\/span><\/p>\n<p><span style=\"color: #000000;\">En este caso, participan la municipalidad, los concesionarios, el MEF y tambi\u00e9n la Contralor\u00eda General de la Rep\u00fablica que ha sido invitada.<\/span><\/p>\n<p><span style=\"color: #000000;\">\u201cLa idea es llegar a acuerdos que permitan solucionar los problemas que se han presentado\u201d, asever\u00f3.<\/span><\/p>\n<p><span style=\"color: #000000;\">Aclar\u00f3 que esos contratos no pasaron por el MEF antes de firmarse y que por ello no pod\u00eda hacer una evaluaci\u00f3n de los contratos referidos. \u201cAhora es motivo de una evaluaci\u00f3n en detalle\u201d, resalt\u00f3.<\/span><\/p>\n<p><strong><span style=\"color: #000000;\">Peajes<\/span><\/strong><\/p>\n<p><span style=\"color: #000000;\">Sobre el tema espec\u00edfico de los peajes, Oliva dijo que se eval\u00faa todo el contrato. \u201cEl tema del peaje puede ser parte de los que se converse pero entendemos que, por ejemplo, tambi\u00e9n hay necesidad de contar con v\u00edas alternas en algunas zonas\u201d.<\/span><\/p>\n<p><span style=\"color: #000000;\">En este sentido, dijo que \u201cquiz\u00e1s m\u00e1s importante que el peaje sea generar esas v\u00edas alternas para aquellas personas que no quieran pagar el peaje tengan la oportunidad de ir por otras v\u00edas\u201d.<\/span><\/p>\n<p><iframe title=\"Peajes: MEF apoya a MML en revisi\u00f3n de contratos\" width=\"615\" height=\"346\" src=\"https:\/\/www.youtube.com\/embed\/8rryGbypJo8?feature=oembed\" frameborder=\"0\" allow=\"accelerometer; autoplay; clipboard-write; encrypted-media; gyroscope; picture-in-picture; web-share\" referrerpolicy=\"strict-origin-when-cross-origin\" allowfullscreen><\/iframe><\/p>\n","protected":false},"excerpt":{"rendered":"<p>El Ministerio de Econom\u00eda y Finanzas (MEF) participa en una evaluaci\u00f3n conjunta de los contratos con los concesionarios de L\u00ednea Amarilla y Rutas de Lima. Lima, 28 Mayo 2019, (ANDINA).- El Ministerio de Econom\u00eda y Finanzas (MEF) participa en una evaluaci\u00f3n conjunta, junto con la Municipalidad de Lima, de los contratos con los concesionarios de [&hellip;]<\/p>\n","protected":false},"author":1,"featured_media":49963,"comment_status":"open","ping_status":"open","sticky":false,"template":"","format":"standard","meta":{"rop_custom_images_group":[],"rop_custom_messages_group":[],"rop_publish_now":"initial","rop_publish_now_accounts":[],"rop_publish_now_history":[],"rop_publish_now_status":"pending","footnotes":""},"categories":[5],"tags":[3210,2150,315,314,745],"class_list":["post-49962","post","type-post","status-publish","format-standard","has-post-thumbnail","hentry","category-actualidad-informativa","tag-carlos-oliva","tag-linea-amarilla","tag-mef","tag-ministerio-de-economia-y-finanzas","tag-rutas-de-lima"],"_links":{"self":[{"href":"https:\/\/elinformanteperu.com\/index.php\/wp-json\/wp\/v2\/posts\/49962","targetHints":{"allow":["GET"]}}],"collection":[{"href":"https:\/\/elinformanteperu.com\/index.php\/wp-json\/wp\/v2\/posts"}],"about":[{"href":"https:\/\/elinformanteperu.com\/index.php\/wp-json\/wp\/v2\/types\/post"}],"author":[{"embeddable":true,"href":"https:\/\/elinformanteperu.com\/index.php\/wp-json\/wp\/v2\/users\/1"}],"replies":[{"embeddable":true,"href":"https:\/\/elinformanteperu.com\/index.php\/wp-json\/wp\/v2\/comments?post=49962"}],"version-history":[{"count":2,"href":"https:\/\/elinformanteperu.com\/index.php\/wp-json\/wp\/v2\/posts\/49962\/revisions"}],"predecessor-version":[{"id":50000,"href":"https:\/\/elinformanteperu.com\/index.php\/wp-json\/wp\/v2\/posts\/49962\/revisions\/50000"}],"wp:featuredmedia":[{"embeddable":true,"href":"https:\/\/elinformanteperu.com\/index.php\/wp-json\/wp\/v2\/media\/49963"}],"wp:attachment":[{"href":"https:\/\/elinformanteperu.com\/index.php\/wp-json\/wp\/v2\/media?parent=49962"}],"wp:term":[{"taxonomy":"category","embeddable":true,"href":"https:\/\/elinformanteperu.com\/index.php\/wp-json\/wp\/v2\/categories?post=49962"},{"taxonomy":"post_tag","embeddable":true,"href":"https:\/\/elinformanteperu.com\/index.php\/wp-json\/wp\/v2\/tags?post=49962"}],"curies":[{"name":"wp","href":"https:\/\/api.w.org\/{rel}","templated":true}]}}