{"id":49959,"date":"2019-05-28T23:32:50","date_gmt":"2019-05-29T04:32:50","guid":{"rendered":"http:\/\/elinformanteperu.com\/?p=49959"},"modified":"2019-05-28T23:32:50","modified_gmt":"2019-05-29T04:32:50","slug":"ositran-recibe-a-mision-de-ocde-para-avanzar-en-su-fortalecimiento","status":"publish","type":"post","link":"https:\/\/elinformanteperu.com\/index.php\/2019\/05\/28\/ositran-recibe-a-mision-de-ocde-para-avanzar-en-su-fortalecimiento\/","title":{"rendered":"Ositran recibe a misi\u00f3n de OCDE para avanzar en su fortalecimiento"},"content":{"rendered":"<p><strong><span style=\"color: #000000;\">El Ositran recibe esta semana la visita de la primera misi\u00f3n t\u00e9cnica de la Organizaci\u00f3n para la Cooperaci\u00f3n y el Desarrollo Econ\u00f3micos, OCDE, que evaluar\u00e1 al regulador para identificar aspectos a ser mejorados.<\/span><\/strong><\/p>\n<p><span style=\"color: #000000;\"><strong>Lima, 28 Mayo 2019, (ANDINA).-<\/strong> El Organismo Supervisor de la Inversi\u00f3n en Infraestructura de Transporte de Uso P\u00fablico (Ositran) recibe esta semana la visita de la primera misi\u00f3n t\u00e9cnica de la Organizaci\u00f3n para la Cooperaci\u00f3n y el Desarrollo Econ\u00f3micos, OCDE, que evaluar\u00e1 al regulador para identificar aspectos a ser mejorados para fortalecerlo y garantizar el cabal cumplimiento de sus funciones y objetivos.<\/span><\/p>\n<p><span style=\"color: #000000;\">\u201cNuestro principal objetivo es crear confianza para el inversionista. El programa que seguimos con la OCDE nos permitir\u00e1 mejorar en nuestras funciones bas\u00e1ndonos en la experiencia de pa\u00edses que ya han obtenido logros en este campo\u201d, afirm\u00f3 la presidenta del Ositran, Ver\u00f3nica Zambrano.<\/span><\/p>\n<p><span style=\"color: #000000;\">Entre el 27 y 31 de mayo, la misi\u00f3n de funcionarios de la OCDE se reunir\u00e1 con representantes de las distintas \u00e1reas del Ositran, as\u00ed como con funcionarios de los diversos organismos p\u00fablicos como el Ministerio de Transportes y Comunicaciones (MTC) y la Presidencia del Consejo de Ministros (PCM).<\/span><\/p>\n<p><span style=\"color: #000000;\">As\u00ed como el Instituto Nacional de Defensa de la Competencia y de la Protecci\u00f3n de la Propiedad Intelectual (Indecopi), la Agencia de Promoci\u00f3n de la Inversi\u00f3n Privada (ProInversi\u00f3n) y la Autoridad Portuaria Nacional (APN).<\/span><\/p>\n<p><span style=\"color: #000000;\">Tambi\u00e9n con los organismos privados como Asociaci\u00f3n para el Fomento de la Infraestructura Nacional (AFIN), entidades prestadoras, representantes de consejos de usuarios, gremios, entre otros, relacionados con la infraestructura de transporte.<\/span><\/p>\n<p><span style=\"color: #000000;\">En las entrevistas, se discutir\u00e1 sobre aspectos relacionados con el rol y funciones del Ositran, su desempe\u00f1o, mecanismos de rendici\u00f3n de cuentas, su relacionamiento con los actores interesados, entre otros aspectos.<\/span><\/p>\n<p><span style=\"color: #000000;\">La informaci\u00f3n cuantitativa y cualitativa que obtenga la OCDE de estas entrevistas le servir\u00e1 para contrastar y complementar la informaci\u00f3n proporcionada por Ositran sobre el contexto regulatorio, el papel y objetivos estrat\u00e9gicos, las fuentes de financiamiento y gesti\u00f3n de recursos, los procesos y gesti\u00f3n organizacional y el rendimiento y resultados.<\/span><\/p>\n<p><span style=\"color: #000000;\">La evaluaci\u00f3n se viene efectuando conforme al Marco para la Evaluaci\u00f3n del Desempe\u00f1o de los Reguladores Econ\u00f3micos (Pafer), el cual constituye un marco innovador desarrollado por la OCDE para evaluar el desempe\u00f1o de los reguladores e identificar aquellos aspectos que requieren ser mejorados para alcanzar los est\u00e1ndares de los pa\u00edses miembros de la OCDE.<\/span><\/p>\n<p><span style=\"color: #000000;\">La misi\u00f3n est\u00e1 conformada por tres funcionarios de la Divisi\u00f3n de Pol\u00edtica Regulatoria de la Direcci\u00f3n de Gobernanza P\u00fablica de la OCDE: Anna Pietikainen, asesora senior; Claire Leger, analista; y Andrea P\u00e9rez, analista.<\/span><\/p>\n<p><span style=\"color: #000000;\">La OCDE y el Estado Peruano consideran que fortalecer a los organismos reguladores econ\u00f3micos es esencial para fomentar el desarrollo del pa\u00eds y mejorar de la calidad de vida de los usuarios.<\/span><\/p>\n<p><span style=\"color: #000000;\">El Ositran es la tercera entidad que realiza este procedimiento, que lo ayudar\u00e1 a convertirse en un regulador de clase mundial, y contribuye en el avance del Per\u00fa para su incorporaci\u00f3n a la OCDE.<\/span><\/p>\n","protected":false},"excerpt":{"rendered":"<p>El Ositran recibe esta semana la visita de la primera misi\u00f3n t\u00e9cnica de la Organizaci\u00f3n para la Cooperaci\u00f3n y el Desarrollo Econ\u00f3micos, OCDE, que evaluar\u00e1 al regulador para identificar aspectos a ser mejorados. Lima, 28 Mayo 2019, (ANDINA).- El Organismo Supervisor de la Inversi\u00f3n en Infraestructura de Transporte de Uso P\u00fablico (Ositran) recibe esta semana [&hellip;]<\/p>\n","protected":false},"author":1,"featured_media":49960,"comment_status":"open","ping_status":"open","sticky":false,"template":"","format":"standard","meta":{"rop_custom_images_group":[],"rop_custom_messages_group":[],"rop_publish_now":"initial","rop_publish_now_accounts":[],"rop_publish_now_history":[],"rop_publish_now_status":"pending","footnotes":""},"categories":[5],"tags":[318,317,1621,189],"class_list":["post-49959","post","type-post","status-publish","format-standard","has-post-thumbnail","hentry","category-actualidad-informativa","tag-ministerio-de-transportes-y-comunicaciones","tag-mtc","tag-ositran","tag-pcm"],"_links":{"self":[{"href":"https:\/\/elinformanteperu.com\/index.php\/wp-json\/wp\/v2\/posts\/49959","targetHints":{"allow":["GET"]}}],"collection":[{"href":"https:\/\/elinformanteperu.com\/index.php\/wp-json\/wp\/v2\/posts"}],"about":[{"href":"https:\/\/elinformanteperu.com\/index.php\/wp-json\/wp\/v2\/types\/post"}],"author":[{"embeddable":true,"href":"https:\/\/elinformanteperu.com\/index.php\/wp-json\/wp\/v2\/users\/1"}],"replies":[{"embeddable":true,"href":"https:\/\/elinformanteperu.com\/index.php\/wp-json\/wp\/v2\/comments?post=49959"}],"version-history":[{"count":1,"href":"https:\/\/elinformanteperu.com\/index.php\/wp-json\/wp\/v2\/posts\/49959\/revisions"}],"predecessor-version":[{"id":49961,"href":"https:\/\/elinformanteperu.com\/index.php\/wp-json\/wp\/v2\/posts\/49959\/revisions\/49961"}],"wp:featuredmedia":[{"embeddable":true,"href":"https:\/\/elinformanteperu.com\/index.php\/wp-json\/wp\/v2\/media\/49960"}],"wp:attachment":[{"href":"https:\/\/elinformanteperu.com\/index.php\/wp-json\/wp\/v2\/media?parent=49959"}],"wp:term":[{"taxonomy":"category","embeddable":true,"href":"https:\/\/elinformanteperu.com\/index.php\/wp-json\/wp\/v2\/categories?post=49959"},{"taxonomy":"post_tag","embeddable":true,"href":"https:\/\/elinformanteperu.com\/index.php\/wp-json\/wp\/v2\/tags?post=49959"}],"curies":[{"name":"wp","href":"https:\/\/api.w.org\/{rel}","templated":true}]}}