{"id":49950,"date":"2019-05-28T23:19:45","date_gmt":"2019-05-29T04:19:45","guid":{"rendered":"http:\/\/elinformanteperu.com\/?p=49950"},"modified":"2019-05-29T00:42:44","modified_gmt":"2019-05-29T05:42:44","slug":"eyvi-agreda-sentencian-a-35-anos-de-prision-a-carlos-hualpa","status":"publish","type":"post","link":"https:\/\/elinformanteperu.com\/index.php\/2019\/05\/28\/eyvi-agreda-sentencian-a-35-anos-de-prision-a-carlos-hualpa\/","title":{"rendered":"Eyvi \u00c1greda: sentencian a 35 a\u00f1os de prisi\u00f3n a Carlos Hualpa"},"content":{"rendered":"<p><strong><span style=\"color: #000000;\">La Cuarta Sala Penal de Reos en C\u00e1rcel de la Corte Superior de Justicia de Lima sentenci\u00f3 a 35 a\u00f1os de prisi\u00f3n a Carlos Hualpa Vacas, por el asesinato de Eyvi \u00c1greda.<\/span><\/strong><\/p>\n<p><span style=\"color: #000000;\"><strong>Lima, 28 Mayo 2019, (ANDINA).-<\/strong> La Cuarta Sala Penal de Reos en C\u00e1rcel de la Corte Superior de Justicia de Lima sentenci\u00f3 a 35 a\u00f1os de prisi\u00f3n a Carlos Hualpa Vacas, por el asesinato de Eyvi \u00c1greda, a quien prendi\u00f3 fuego luego de rociarla con gasolina en el interior de un bus de transporte p\u00fablico en abril del 2018, inform\u00f3 el Poder Judicial.<\/span><\/p>\n<p><span style=\"color: #000000;\">El fallo de la sala judicial hall\u00f3 culpable a Hualpa del delito de feminicidio agravado. Adem\u00e1s de la pena de c\u00e1rcel el sentenciado debe pagar una reparaci\u00f3n civil de 590,000 soles.<\/span><\/p>\n<p><span style=\"color: #000000;\">Hualpa Vacas cumpl\u00eda prisi\u00f3n preventiva desde el 28 de abril del 2018 en el penal Anc\u00f3n 1.<\/span><\/p>\n<p><span style=\"color: #000000;\">Un d\u00eda despu\u00e9s de ser capturado por la Polic\u00eda, el ahora sentenciado confes\u00f3 haber sido el autor de la brutal agresi\u00f3n, ocurrida la noche del 24 de abril del mismo a\u00f1o, cuando su v\u00edctima se desplazaba en un bus por el distrito de Miraflores.<\/span><\/p>\n<p><span style=\"color: #000000;\">La defensa de Hualpa Vacas dijo que su cliente no quer\u00eda matarla, sino \u00absolo desfigurarla\u00bb y que hab\u00eda planificado el ataque hac\u00eda tiempo, por lo que hace un mes compr\u00f3 la gasolina en una botella de yogur, pero que no ten\u00eda valor para llevarlo a cabo.<\/span><\/p>\n<p><span style=\"color: #000000;\">Durante la audiencia judicial, Hualpa dijo estar arrepentido de lo que hizo y pidi\u00f3 perd\u00f3n a la familia de Eyvi \u00c1greda.<\/span><\/p>\n<p><span style=\"color: #000000;\">\u00abLo que he hecho lo tengo que pagar\u00bb, manifest\u00f3.<\/span><\/p>\n<p><span style=\"color: #000000;\">Eyvi \u00c1greda Marchena, la joven de 22 a\u00f1os que result\u00f3 con quemaduras en el 60 % de su cuerpo, falleci\u00f3 el 1 de junio del a\u00f1o pasado en el hospital Guillermo Almenara, de EsSalud, tras m\u00e1s de un mes de atenci\u00f3n m\u00e9dica.<\/span><\/p>\n<p><span style=\"color: #000000;\">\u00abLa paciente estuvo recibiendo asistencia especializada en el Servicio de Cuidados Intensivos durante 38 d\u00edas y tambi\u00e9n fue sometida a varias operaciones quir\u00fargicas en el Servicio de Cirug\u00eda Pl\u00e1stica y Quemados, pero no resisti\u00f3 a un shock s\u00e9ptico\u00bb, indica un comunicado de EsSalud.<\/span><\/p>\n<p><span style=\"color: #000000;\">Fueron muchas las muestras de solidaridad apenas se supo del ataque a la joven. El 4 de mayo, 35 efectivos del Ej\u00e9rcito, entre cadetes y oficiales, donaron sangre para ella en el hospital Almenara, debido a la gran cantidad de cirug\u00edas que deb\u00eda enfrentar para superar las quemaduras que sufri\u00f3.<\/span><\/p>\n<p><span style=\"color: #000000;\">Durante su permanencia en la Unidad de Cuidados Intensivos (UCI) de dicho nosocomio, Eyvi fue sometida a diversas intervenciones para retirarte la piel necrosada producto de las quemaduras. Incluso le trasplantaron porciones de piel de cerdo en las extremidades.<\/span><\/p>\n<p><strong><span style=\"color: #000000;\">Reacciones<\/span><\/strong><\/p>\n<p><span style=\"color: #000000;\">Tras conocer la sentencia contra Hualpa Vacas, la ministra de la Mujer, Gloria Montenegro, consider\u00f3 que lo correcto hubiera sido aplicarle cadena perpetua, a fin de establecer un precedente teniendo en cuenta la crueldad de este feminicidio.<\/span><\/p>\n<p><span style=\"color: #000000;\">\u00abEs fundamental que el sistema de justicia realmente avance no solo en el an\u00e1lisis de cada uno de estos casos, en la r\u00e1pida respuesta, sino que este era un caso grav\u00edsimo. A ella le rociaron gasolina, la quemaron viva, y eso debi\u00f3 merecer la cadena perpetua\u00bb, manifest\u00f3.<\/span><\/p>\n<p><iframe title=\"PJ dicta 35 a\u00f1os de prisi\u00f3n para asesino de Eyvi \u00c1greda\" width=\"615\" height=\"346\" src=\"https:\/\/www.youtube.com\/embed\/2FJDaqkp8Io?feature=oembed\" frameborder=\"0\" allow=\"accelerometer; autoplay; clipboard-write; encrypted-media; gyroscope; picture-in-picture; web-share\" referrerpolicy=\"strict-origin-when-cross-origin\" allowfullscreen><\/iframe><\/p>\n","protected":false},"excerpt":{"rendered":"<p>La Cuarta Sala Penal de Reos en C\u00e1rcel de la Corte Superior de Justicia de Lima sentenci\u00f3 a 35 a\u00f1os de prisi\u00f3n a Carlos Hualpa Vacas, por el asesinato de Eyvi \u00c1greda. Lima, 28 Mayo 2019, (ANDINA).- La Cuarta Sala Penal de Reos en C\u00e1rcel de la Corte Superior de Justicia de Lima sentenci\u00f3 a [&hellip;]<\/p>\n","protected":false},"author":1,"featured_media":49951,"comment_status":"open","ping_status":"open","sticky":false,"template":"","format":"standard","meta":{"rop_custom_images_group":[],"rop_custom_messages_group":[],"rop_publish_now":"initial","rop_publish_now_accounts":[],"rop_publish_now_history":[],"rop_publish_now_status":"pending","footnotes":""},"categories":[10],"tags":[4473,3052],"class_list":["post-49950","post","type-post","status-publish","format-standard","has-post-thumbnail","hentry","category-actualidad-municipal","tag-carlos-hualpa","tag-eyvi-liset-agreda-marchena"],"_links":{"self":[{"href":"https:\/\/elinformanteperu.com\/index.php\/wp-json\/wp\/v2\/posts\/49950","targetHints":{"allow":["GET"]}}],"collection":[{"href":"https:\/\/elinformanteperu.com\/index.php\/wp-json\/wp\/v2\/posts"}],"about":[{"href":"https:\/\/elinformanteperu.com\/index.php\/wp-json\/wp\/v2\/types\/post"}],"author":[{"embeddable":true,"href":"https:\/\/elinformanteperu.com\/index.php\/wp-json\/wp\/v2\/users\/1"}],"replies":[{"embeddable":true,"href":"https:\/\/elinformanteperu.com\/index.php\/wp-json\/wp\/v2\/comments?post=49950"}],"version-history":[{"count":2,"href":"https:\/\/elinformanteperu.com\/index.php\/wp-json\/wp\/v2\/posts\/49950\/revisions"}],"predecessor-version":[{"id":50001,"href":"https:\/\/elinformanteperu.com\/index.php\/wp-json\/wp\/v2\/posts\/49950\/revisions\/50001"}],"wp:featuredmedia":[{"embeddable":true,"href":"https:\/\/elinformanteperu.com\/index.php\/wp-json\/wp\/v2\/media\/49951"}],"wp:attachment":[{"href":"https:\/\/elinformanteperu.com\/index.php\/wp-json\/wp\/v2\/media?parent=49950"}],"wp:term":[{"taxonomy":"category","embeddable":true,"href":"https:\/\/elinformanteperu.com\/index.php\/wp-json\/wp\/v2\/categories?post=49950"},{"taxonomy":"post_tag","embeddable":true,"href":"https:\/\/elinformanteperu.com\/index.php\/wp-json\/wp\/v2\/tags?post=49950"}],"curies":[{"name":"wp","href":"https:\/\/api.w.org\/{rel}","templated":true}]}}