{"id":49947,"date":"2019-05-28T23:15:43","date_gmt":"2019-05-29T04:15:43","guid":{"rendered":"http:\/\/elinformanteperu.com\/?p=49947"},"modified":"2019-05-28T23:15:43","modified_gmt":"2019-05-29T04:15:43","slug":"indeci-simulacro-de-viernes-31-evidenciara-cuan-preparados-estamos-ante-sismos","status":"publish","type":"post","link":"https:\/\/elinformanteperu.com\/index.php\/2019\/05\/28\/indeci-simulacro-de-viernes-31-evidenciara-cuan-preparados-estamos-ante-sismos\/","title":{"rendered":"Indeci: simulacro de viernes 31 evidenciar\u00e1 cu\u00e1n preparados estamos ante sismos"},"content":{"rendered":"<p><strong><span style=\"color: #000000;\">El Indeci invoc\u00f3 a la poblaci\u00f3n a participar \u00abcon el mayor realismo posible\u00bb en el Simulacro Multipeligro programado para este viernes 31 de mayo en todo el Per\u00fa.<\/span><\/strong><\/p>\n<p><span style=\"color: #000000;\"><strong>Lima, 28 Mayo 2019, (ANDINA).-<\/strong> El Instituto Nacional de Defensa Civil (Indeci) invoc\u00f3 a la poblaci\u00f3n a participar \u00abcon el mayor realismo posible\u00bb en el Simulacro Multipeligro programado para este viernes 31 de mayo en todo el Per\u00fa y dijo que los resultados permitir\u00e1n conocer cu\u00e1n preparados estamos para afrontar un sismo y cu\u00e1nto nos falta.<\/span><\/p>\n<p><span style=\"color: #000000;\">Juvenal Medina, director de Preparaci\u00f3n de Indeci, explic\u00f3 que este simulacro no solo permitir\u00e1 poner en pr\u00e1ctica los protocolos de seguridad frente a un sismo en la costa central, con subsecuente tsunami, sino tambi\u00e9n adoptar las respuestas adecuadas ante cualquier desastre en el interior del pa\u00eds.<\/span><\/p>\n<p><span style=\"color: #000000;\">El viernes 31 de mayo, a las 10 de la ma\u00f1ana, tenemos la oportunidad de que toda la poblaci\u00f3n peruana, todas las instituciones, puedan poner en pr\u00e1ctica sus protocolos, sus medidas de seguridad, de tal manera que podamos saber cu\u00e1n preparados ya estamos o cu\u00e1nto a\u00fan nos falta\u201d, subray\u00f3 en declaraciones a la Agencia Andina.<\/span><\/p>\n<p><span style=\"color: #000000;\">Medina hizo un llamado a toda la poblaci\u00f3n para que est\u00e9 preparada ante una emergencia por sismos, y tambi\u00e9n para mejorar la calidad de construcci\u00f3n de sus viviendas y de los servicios. \u201cEs necesario incorporar en nuestra pr\u00e1ctica la cultura de prevenci\u00f3n y hacer las cosas de la mejor forma, pensando que cuando ocurra un sismo o cualquier otro fen\u00f3meno no nos cause da\u00f1o\u201d.<\/span><\/p>\n<p><span style=\"color: #000000;\">Explic\u00f3 que, en el caso de Lima y los distritos costeros que colindan con el mar, se realizar\u00e1n pr\u00e1cticas de c\u00f3mo evacuar hacia zonas seguras ante un eventual tsunami. Aclar\u00f3 que un tsunami se genera cuando un sismo es superior a los 7 grados de magnitud y su epicentro est\u00e1 en el mar.<\/span><\/p>\n<p><span style=\"color: #000000;\">\u201cSi se trata de un sismo que no te permite mantenerte en pie y vives frente al mar, evac\u00faa de inmediato a zonas altas y seguras\u201d, enfatiz\u00f3.<\/span><\/p>\n<p><span style=\"color: #000000;\">Pidi\u00f3 de manera particular a los transportistas a participar de este simulacro de sismo, deteniendo sus veh\u00edculos e involucr\u00e1ndose con su desarrollo, porque nadie est\u00e1 libre de verse comprometido con un evento de esta magnitud.<\/span><\/p>\n<p><span style=\"color: #000000;\">Por su parte, Iv\u00e1n V\u00e1squez, especialista en Gesti\u00f3n de Riesgo de Desastres de la Direcci\u00f3n de Preparaci\u00f3n del Indeci, explic\u00f3 que la autoridad local en cada una de las regiones del Per\u00fa determinar\u00e1 ante qu\u00e9 tipo de peligro se trabajar\u00e1 en el simulacro del viernes.<\/span><\/p>\n<p><span style=\"color: #000000;\">En tal sentido, reiter\u00f3 el llamado a la poblaci\u00f3n para que participe activamente en el simulacro multipeligro que se realizar\u00e1 este viernes 31 de mayo, a partir de las 10.00 horas en todo el Per\u00fa.<\/span><\/p>\n<p><span style=\"color: #000000;\">Explic\u00f3 que, en Lima, los lugares que han sido elegidos como centros de operaciones para ejecutar el simulacro ser\u00e1n Ventanilla, San Juan de Miraflores, Chorrillos y Chosica.<\/span><\/p>\n","protected":false},"excerpt":{"rendered":"<p>El Indeci invoc\u00f3 a la poblaci\u00f3n a participar \u00abcon el mayor realismo posible\u00bb en el Simulacro Multipeligro programado para este viernes 31 de mayo en todo el Per\u00fa. Lima, 28 Mayo 2019, (ANDINA).- El Instituto Nacional de Defensa Civil (Indeci) invoc\u00f3 a la poblaci\u00f3n a participar \u00abcon el mayor realismo posible\u00bb en el Simulacro Multipeligro [&hellip;]<\/p>\n","protected":false},"author":1,"featured_media":49948,"comment_status":"open","ping_status":"open","sticky":false,"template":"","format":"standard","meta":{"rop_custom_images_group":[],"rop_custom_messages_group":[],"rop_publish_now":"initial","rop_publish_now_accounts":[],"rop_publish_now_history":[],"rop_publish_now_status":"pending","footnotes":""},"categories":[10],"tags":[4462],"class_list":["post-49947","post","type-post","status-publish","format-standard","has-post-thumbnail","hentry","category-actualidad-municipal","tag-sismo-loreto-2019"],"_links":{"self":[{"href":"https:\/\/elinformanteperu.com\/index.php\/wp-json\/wp\/v2\/posts\/49947","targetHints":{"allow":["GET"]}}],"collection":[{"href":"https:\/\/elinformanteperu.com\/index.php\/wp-json\/wp\/v2\/posts"}],"about":[{"href":"https:\/\/elinformanteperu.com\/index.php\/wp-json\/wp\/v2\/types\/post"}],"author":[{"embeddable":true,"href":"https:\/\/elinformanteperu.com\/index.php\/wp-json\/wp\/v2\/users\/1"}],"replies":[{"embeddable":true,"href":"https:\/\/elinformanteperu.com\/index.php\/wp-json\/wp\/v2\/comments?post=49947"}],"version-history":[{"count":1,"href":"https:\/\/elinformanteperu.com\/index.php\/wp-json\/wp\/v2\/posts\/49947\/revisions"}],"predecessor-version":[{"id":49949,"href":"https:\/\/elinformanteperu.com\/index.php\/wp-json\/wp\/v2\/posts\/49947\/revisions\/49949"}],"wp:featuredmedia":[{"embeddable":true,"href":"https:\/\/elinformanteperu.com\/index.php\/wp-json\/wp\/v2\/media\/49948"}],"wp:attachment":[{"href":"https:\/\/elinformanteperu.com\/index.php\/wp-json\/wp\/v2\/media?parent=49947"}],"wp:term":[{"taxonomy":"category","embeddable":true,"href":"https:\/\/elinformanteperu.com\/index.php\/wp-json\/wp\/v2\/categories?post=49947"},{"taxonomy":"post_tag","embeddable":true,"href":"https:\/\/elinformanteperu.com\/index.php\/wp-json\/wp\/v2\/tags?post=49947"}],"curies":[{"name":"wp","href":"https:\/\/api.w.org\/{rel}","templated":true}]}}