{"id":49936,"date":"2019-05-28T21:05:01","date_gmt":"2019-05-29T02:05:01","guid":{"rendered":"http:\/\/elinformanteperu.com\/?p=49936"},"modified":"2019-05-28T21:05:01","modified_gmt":"2019-05-29T02:05:01","slug":"en-lo-que-va-del-dia-se-han-registrado-3-sismos-en-el-pais","status":"publish","type":"post","link":"https:\/\/elinformanteperu.com\/index.php\/2019\/05\/28\/en-lo-que-va-del-dia-se-han-registrado-3-sismos-en-el-pais\/","title":{"rendered":"En lo que va del d\u00eda se han registrado 3 sismos en el pa\u00eds"},"content":{"rendered":"<p><strong><span style=\"color: #000000;\">En lo que va del d\u00eda ya han ocurrido tres eventos tel\u00faricos, inform\u00f3 el Instituto Geof\u00edsico del Per\u00fa (IGP).<\/span><\/strong><\/p>\n<p><span style=\"color: #000000;\"><strong>Lima, 28 Mayo 2019, (ANDINA).-<\/strong> Un sismo de magnitud: 3.8 se registr\u00f3 a 8 kil\u00f3metros al sureste del distrito de Cabanaconde, en la provincia de Caylloma, regi\u00f3n Arequipa. En lo que va del d\u00eda ya han ocurrido tres eventos tel\u00faricos, inform\u00f3 el Instituto Geof\u00edsico del Per\u00fa (IGP).<\/span><\/p>\n<p><span style=\"color: #000000;\">El nuevo temblor que se produjo a las 17:32 horas, tuvo una profundidad de 11 kil\u00f3metros y se sinti\u00f3 con una intensidad de II grados en Cabanaconde.<\/span><\/p>\n<p><span style=\"color: #000000;\">Anoche, a las 22:28 horas, tambi\u00e9n en Arequipa, tambi\u00e9n se report\u00f3 un temblor de magnitud 5.0 s 63 kil\u00f3metros al suroeste del distrito de Lomas, provincia de Caravel\u00ed.<\/span><\/p>\n<p><span style=\"color: #000000;\">La profundidad fue de 24 kil\u00f3metros y se percibi\u00f3 con una intensidad de III en Lomas.<\/span><\/p>\n<p><span style=\"color: #000000;\">Los otros sismos de hoy se registraron en las regiones de Lima y Ucayali.<\/span><\/p>\n","protected":false},"excerpt":{"rendered":"<p>En lo que va del d\u00eda ya han ocurrido tres eventos tel\u00faricos, inform\u00f3 el Instituto Geof\u00edsico del Per\u00fa (IGP). Lima, 28 Mayo 2019, (ANDINA).- Un sismo de magnitud: 3.8 se registr\u00f3 a 8 kil\u00f3metros al sureste del distrito de Cabanaconde, en la provincia de Caylloma, regi\u00f3n Arequipa. En lo que va del d\u00eda ya han [&hellip;]<\/p>\n","protected":false},"author":1,"featured_media":12731,"comment_status":"open","ping_status":"open","sticky":false,"template":"","format":"standard","meta":{"rop_custom_images_group":[],"rop_custom_messages_group":[],"rop_publish_now":"initial","rop_publish_now_accounts":[],"rop_publish_now_history":[],"rop_publish_now_status":"pending","footnotes":""},"categories":[10],"tags":[148,4462],"class_list":["post-49936","post","type-post","status-publish","format-standard","has-post-thumbnail","hentry","category-actualidad-municipal","tag-indeci","tag-sismo-loreto-2019"],"_links":{"self":[{"href":"https:\/\/elinformanteperu.com\/index.php\/wp-json\/wp\/v2\/posts\/49936","targetHints":{"allow":["GET"]}}],"collection":[{"href":"https:\/\/elinformanteperu.com\/index.php\/wp-json\/wp\/v2\/posts"}],"about":[{"href":"https:\/\/elinformanteperu.com\/index.php\/wp-json\/wp\/v2\/types\/post"}],"author":[{"embeddable":true,"href":"https:\/\/elinformanteperu.com\/index.php\/wp-json\/wp\/v2\/users\/1"}],"replies":[{"embeddable":true,"href":"https:\/\/elinformanteperu.com\/index.php\/wp-json\/wp\/v2\/comments?post=49936"}],"version-history":[{"count":1,"href":"https:\/\/elinformanteperu.com\/index.php\/wp-json\/wp\/v2\/posts\/49936\/revisions"}],"predecessor-version":[{"id":49937,"href":"https:\/\/elinformanteperu.com\/index.php\/wp-json\/wp\/v2\/posts\/49936\/revisions\/49937"}],"wp:featuredmedia":[{"embeddable":true,"href":"https:\/\/elinformanteperu.com\/index.php\/wp-json\/wp\/v2\/media\/12731"}],"wp:attachment":[{"href":"https:\/\/elinformanteperu.com\/index.php\/wp-json\/wp\/v2\/media?parent=49936"}],"wp:term":[{"taxonomy":"category","embeddable":true,"href":"https:\/\/elinformanteperu.com\/index.php\/wp-json\/wp\/v2\/categories?post=49936"},{"taxonomy":"post_tag","embeddable":true,"href":"https:\/\/elinformanteperu.com\/index.php\/wp-json\/wp\/v2\/tags?post=49936"}],"curies":[{"name":"wp","href":"https:\/\/api.w.org\/{rel}","templated":true}]}}