{"id":49933,"date":"2019-05-28T21:02:43","date_gmt":"2019-05-29T02:02:43","guid":{"rendered":"http:\/\/elinformanteperu.com\/?p=49933"},"modified":"2019-05-28T21:02:43","modified_gmt":"2019-05-29T02:02:43","slug":"declaran-inhabitable-local-de-comedor-popular-en-casma-a-causa-de-sismo-en-la-selva","status":"publish","type":"post","link":"https:\/\/elinformanteperu.com\/index.php\/2019\/05\/28\/declaran-inhabitable-local-de-comedor-popular-en-casma-a-causa-de-sismo-en-la-selva\/","title":{"rendered":"Declaran inhabitable local de comedor popular en Casma a causa de sismo en la Selva"},"content":{"rendered":"<p><strong><span style=\"color: #000000;\">La Plataforma Provincial de Defensa Civil de Casma, en \u00c1ncash, declar\u00f3 inhabitable el local donde funcionaba el comedor popular San Isidro Labrador, en el distrito de Yaut\u00e1n.<\/span><\/strong><\/p>\n<p><span style=\"color: #000000;\"><strong>Lima, 28 Mayo 2019, (ANDINA).-<\/strong> La Plataforma Provincial de Defensa Civil de Casma, en \u00c1ncash, declar\u00f3 inhabitable el local donde funcionaba el comedor popular San Isidro Labrador, en el distrito de Yaut\u00e1n; que result\u00f3 seriamente afectado por el sismo registrado en Loreto.<\/span><\/p>\n<p><span style=\"color: #000000;\">El inmueble se encuentra ubicado en el caser\u00edo de Jaihua. En una inspecci\u00f3n, las autoridades confirmaron que las paredes de abode y el techo de calaminas del comedor se vino abajo, producto del movimiento tel\u00farico.<\/span><\/p>\n<p><span style=\"color: #000000;\">El alcalde provincial de Casma, Luis Alarc\u00f3n, llev\u00f3 donativos consistentes en materiales de esteras, palos, alambres y cemento; as\u00ed como alimentos para el funcionamiento temporal del comedor.<\/span><\/p>\n<p><span style=\"color: #000000;\">El burgomaestre remarc\u00f3 que deber\u00e1n buscar otro local, ya que el actual no re\u00fane las condiciones para albergar a los beneficiarios.<\/span><\/p>\n<p><span style=\"color: #000000;\">Por lo tanto, anunci\u00f3 la reconstrucci\u00f3n total del local y afirm\u00f3 que esta semana se iniciar\u00e1n los estudios para elaborar el proyecto de inversi\u00f3n.<\/span><\/p>\n<p><span style=\"color: #000000;\">\u00abVamos a levantar un nuevo comedor edificado con material noble seguro y moderno\u00bb, expres\u00f3 el alcalde.<\/span><\/p>\n<p><span style=\"color: #000000;\">M\u00e1s da\u00f1os<\/span><\/p>\n<p><span style=\"color: #000000;\">El equipo de Defensa Civil de Casma tambi\u00e9n acudi\u00f3 hasta la vivienda ubicada en el asentamiento humano Ramiro Prial\u00e9, que igualmente result\u00f3 afectada a causa del temblor.<\/span><\/p>\n<p><span style=\"color: #000000;\">Una brigada encabezada por el subgerente de Limpieza P\u00fablica y \u00c1reas Verdes, Jaime Vel\u00e1squez, realizaron una jornada de limpieza general en dicha propiedad de Mar\u00eda Magdalena Olivera, damnificada por el movimiento s\u00edsmico.<\/span><\/p>\n<p><span style=\"color: #000000;\">En las pr\u00f3ximas horas Defensa Civil entregar\u00e1 ayuda para la reconstrucci\u00f3n del inmueble.<\/span><\/p>\n","protected":false},"excerpt":{"rendered":"<p>La Plataforma Provincial de Defensa Civil de Casma, en \u00c1ncash, declar\u00f3 inhabitable el local donde funcionaba el comedor popular San Isidro Labrador, en el distrito de Yaut\u00e1n. Lima, 28 Mayo 2019, (ANDINA).- La Plataforma Provincial de Defensa Civil de Casma, en \u00c1ncash, declar\u00f3 inhabitable el local donde funcionaba el comedor popular San Isidro Labrador, en [&hellip;]<\/p>\n","protected":false},"author":1,"featured_media":49934,"comment_status":"open","ping_status":"open","sticky":false,"template":"","format":"standard","meta":{"rop_custom_images_group":[],"rop_custom_messages_group":[],"rop_publish_now":"initial","rop_publish_now_accounts":[],"rop_publish_now_history":[],"rop_publish_now_status":"pending","footnotes":""},"categories":[10],"tags":[4439,148,4462],"class_list":["post-49933","post","type-post","status-publish","format-standard","has-post-thumbnail","hentry","category-actualidad-municipal","tag-casma","tag-indeci","tag-sismo-loreto-2019"],"_links":{"self":[{"href":"https:\/\/elinformanteperu.com\/index.php\/wp-json\/wp\/v2\/posts\/49933","targetHints":{"allow":["GET"]}}],"collection":[{"href":"https:\/\/elinformanteperu.com\/index.php\/wp-json\/wp\/v2\/posts"}],"about":[{"href":"https:\/\/elinformanteperu.com\/index.php\/wp-json\/wp\/v2\/types\/post"}],"author":[{"embeddable":true,"href":"https:\/\/elinformanteperu.com\/index.php\/wp-json\/wp\/v2\/users\/1"}],"replies":[{"embeddable":true,"href":"https:\/\/elinformanteperu.com\/index.php\/wp-json\/wp\/v2\/comments?post=49933"}],"version-history":[{"count":1,"href":"https:\/\/elinformanteperu.com\/index.php\/wp-json\/wp\/v2\/posts\/49933\/revisions"}],"predecessor-version":[{"id":49935,"href":"https:\/\/elinformanteperu.com\/index.php\/wp-json\/wp\/v2\/posts\/49933\/revisions\/49935"}],"wp:featuredmedia":[{"embeddable":true,"href":"https:\/\/elinformanteperu.com\/index.php\/wp-json\/wp\/v2\/media\/49934"}],"wp:attachment":[{"href":"https:\/\/elinformanteperu.com\/index.php\/wp-json\/wp\/v2\/media?parent=49933"}],"wp:term":[{"taxonomy":"category","embeddable":true,"href":"https:\/\/elinformanteperu.com\/index.php\/wp-json\/wp\/v2\/categories?post=49933"},{"taxonomy":"post_tag","embeddable":true,"href":"https:\/\/elinformanteperu.com\/index.php\/wp-json\/wp\/v2\/tags?post=49933"}],"curies":[{"name":"wp","href":"https:\/\/api.w.org\/{rel}","templated":true}]}}