{"id":49930,"date":"2019-05-28T20:58:37","date_gmt":"2019-05-29T01:58:37","guid":{"rendered":"http:\/\/elinformanteperu.com\/?p=49930"},"modified":"2019-05-28T20:58:37","modified_gmt":"2019-05-29T01:58:37","slug":"sismo-en-loreto-personal-de-electro-oriente-activa-plan-de-contingencia","status":"publish","type":"post","link":"https:\/\/elinformanteperu.com\/index.php\/2019\/05\/28\/sismo-en-loreto-personal-de-electro-oriente-activa-plan-de-contingencia\/","title":{"rendered":"Sismo en Loreto: personal de Electro Oriente activa plan de contingencia"},"content":{"rendered":"<p><span style=\"color: #000000;\"><strong>Luego del sismo de magnitud 8.0 que aconteci\u00f3 el domingo pasado en Loreto, la empresa Electro Oriente activ\u00f3 un plan de contingencia para restablecer el servicio de energ\u00eda lo antes posible.<\/strong><\/span><\/p>\n<p><span style=\"color: #000000;\"><strong>Loreto, 28 Mayo 2019, (ANDINA).-<\/strong> Luego del sismo de magnitud 8.0 que aconteci\u00f3 el domingo pasado en Loreto, la empresa Electro Oriente activ\u00f3 un plan de contingencia para restablecer el servicio de energ\u00eda lo antes posible, destac\u00f3 el presidente del directorio de dicha compa\u00f1\u00eda, Jaime Salom\u00f3n.<\/span><\/p>\n<p><span style=\"color: #000000;\">\u201cHay que felicitar a todo el personal de Electro Oriente por el excelente trabajo realizado y que siguen desarrollando. A media ma\u00f1ana del domingo las principales ciudades ya contaban con servicio el\u00e9ctrico. Y el lunes por la noche ya se hab\u00eda repuesto el servicio al 100 % en toda la zona de injerencia de la empresa\u201d, asegur\u00f3.<\/span><\/p>\n<p><span style=\"color: #000000;\">Refiri\u00f3 que tras el movimiento tel\u00farico, brigadas de t\u00e9cnicos de Electro Oriente encontraron numerosos fusibles fundidos en la red de media tensi\u00f3n.<\/span><\/p>\n<p><span style=\"color: #000000;\">\u201cLa magnitud del sismo ocasion\u00f3 que los postes que sostienen los cables cayeran y provoquen un corto circuito. Por tal raz\u00f3n, la empresa opt\u00f3 por hacer un corte de energ\u00eda el\u00e9ctrica para no generar incidentes mayores\u201d, manifest\u00f3.<\/span><\/p>\n<p><span style=\"color: #000000;\">El funcionario dijo que el objetivo de restablecer el servicio de energ\u00eda el\u00e9ctrica se alcanz\u00f3 anoche para tranquilidad de los m\u00e1s de 2 millones de peruanos a atiende Electro Oriente en las regiones Amazonas, San Mart\u00edn, Loreto y Cajamarca (Ja\u00e9n), que representa el 37 % del territorio nacional.<\/span><\/p>\n<p><span style=\"color: #000000;\">\u201cAprovecho en hacer un llamado a los gobiernos locales y provinciales a fin de definir de manera adecuada y responsable el plan de zonificaci\u00f3n de sus ciudades. As\u00ed evitar\u00edamos mayores desastres\u201d.<\/span><\/p>\n<p><span style=\"color: #000000;\">En ese sentido, inst\u00f3 a la ciudadan\u00eda a participar del simulacro nacional de sismo, a realizarse este viernes 31 de mayo. \u201cTodos debemos participar del simulacro de sismo. Sigamos las reglas de seguridad y los protocolos que establece el Indeci\u201d, expres\u00f3.<\/span><\/p>\n","protected":false},"excerpt":{"rendered":"<p>Luego del sismo de magnitud 8.0 que aconteci\u00f3 el domingo pasado en Loreto, la empresa Electro Oriente activ\u00f3 un plan de contingencia para restablecer el servicio de energ\u00eda lo antes posible. Loreto, 28 Mayo 2019, (ANDINA).- Luego del sismo de magnitud 8.0 que aconteci\u00f3 el domingo pasado en Loreto, la empresa Electro Oriente activ\u00f3 un [&hellip;]<\/p>\n","protected":false},"author":1,"featured_media":49931,"comment_status":"open","ping_status":"open","sticky":false,"template":"","format":"standard","meta":{"rop_custom_images_group":[],"rop_custom_messages_group":[],"rop_publish_now":"initial","rop_publish_now_accounts":[],"rop_publish_now_history":[],"rop_publish_now_status":"pending","footnotes":""},"categories":[10],"tags":[148,4462],"class_list":["post-49930","post","type-post","status-publish","format-standard","has-post-thumbnail","hentry","category-actualidad-municipal","tag-indeci","tag-sismo-loreto-2019"],"_links":{"self":[{"href":"https:\/\/elinformanteperu.com\/index.php\/wp-json\/wp\/v2\/posts\/49930","targetHints":{"allow":["GET"]}}],"collection":[{"href":"https:\/\/elinformanteperu.com\/index.php\/wp-json\/wp\/v2\/posts"}],"about":[{"href":"https:\/\/elinformanteperu.com\/index.php\/wp-json\/wp\/v2\/types\/post"}],"author":[{"embeddable":true,"href":"https:\/\/elinformanteperu.com\/index.php\/wp-json\/wp\/v2\/users\/1"}],"replies":[{"embeddable":true,"href":"https:\/\/elinformanteperu.com\/index.php\/wp-json\/wp\/v2\/comments?post=49930"}],"version-history":[{"count":1,"href":"https:\/\/elinformanteperu.com\/index.php\/wp-json\/wp\/v2\/posts\/49930\/revisions"}],"predecessor-version":[{"id":49932,"href":"https:\/\/elinformanteperu.com\/index.php\/wp-json\/wp\/v2\/posts\/49930\/revisions\/49932"}],"wp:featuredmedia":[{"embeddable":true,"href":"https:\/\/elinformanteperu.com\/index.php\/wp-json\/wp\/v2\/media\/49931"}],"wp:attachment":[{"href":"https:\/\/elinformanteperu.com\/index.php\/wp-json\/wp\/v2\/media?parent=49930"}],"wp:term":[{"taxonomy":"category","embeddable":true,"href":"https:\/\/elinformanteperu.com\/index.php\/wp-json\/wp\/v2\/categories?post=49930"},{"taxonomy":"post_tag","embeddable":true,"href":"https:\/\/elinformanteperu.com\/index.php\/wp-json\/wp\/v2\/tags?post=49930"}],"curies":[{"name":"wp","href":"https:\/\/api.w.org\/{rel}","templated":true}]}}