{"id":49926,"date":"2019-05-28T20:52:45","date_gmt":"2019-05-29T01:52:45","guid":{"rendered":"http:\/\/elinformanteperu.com\/?p=49926"},"modified":"2019-05-28T20:52:45","modified_gmt":"2019-05-29T01:52:45","slug":"dia-nacional-de-la-papa-conoce-el-valor-del-cultivo-peruano-que-nutre-al-mundo","status":"publish","type":"post","link":"https:\/\/elinformanteperu.com\/index.php\/2019\/05\/28\/dia-nacional-de-la-papa-conoce-el-valor-del-cultivo-peruano-que-nutre-al-mundo\/","title":{"rendered":"D\u00eda Nacional de la Papa: conoce el valor del cultivo peruano que nutre al mundo"},"content":{"rendered":"<p><strong><span style=\"color: #000000;\">La papa es uno de los mayores aportes alimentarios del Per\u00fa al mundo. Este 30 de mayo se celebra el D\u00eda Nacional de la Papa. Oportunidad para conocer el valor nutricional de este tub\u00e9rculo andino.<\/span><\/strong><\/p>\n<p><span style=\"color: #000000;\"><strong>Lima, 28 Mayo 2019, (ANDINA).-<\/strong> La papa es uno de los mayores aportes alimentarios del Per\u00fa al mundo. Este 30 de mayo se celebra el D\u00eda Nacional de la Papa. Oportunidad para conocer el valor nutricional de este tub\u00e9rculo andino domesticado hace miles de a\u00f1os y de gran beneficio para al organismo.<\/span><\/p>\n<p><span style=\"color: #000000;\">Entre los nutrientes que aporta la papa destacan la vitamina C (\u00e1cido asc\u00f3rbico), minerales como el hierro y el zinc. Tambi\u00e9n posee 189% m\u00e1s de antioxidantes, sobre todo en su c\u00e1scara, y su consumo genera solo 89 kilocalor\u00edas, dado que tiene 35% de materia seca.<\/span><\/p>\n<p><span style=\"color: #000000;\">Su f\u00e1cil digesti\u00f3n permite que la papa sea consumida por personas de todas las edades, teniendo en cuenta que al contener una alta cantidad de antioxidantes previene enfermedades degenerativas y relacionadas al envejecimiento.<\/span><\/p>\n<p><span style=\"color: #000000;\">Las variedades con una pulpa amarilla intensa protegen contra la degeneraci\u00f3n visual, las de pulpa morada y roja tienen propiedades antioxidantes.<\/span><\/p>\n<p><img fetchpriority=\"high\" decoding=\"async\" class=\"aligncenter size-full wp-image-49928\" src=\"http:\/\/elinformanteperu.com\/wp-content\/uploads\/2019\/05\/la-papa1.jpg\" alt=\"\" width=\"500\" height=\"334\" srcset=\"https:\/\/elinformanteperu.com\/wp-content\/uploads\/2019\/05\/la-papa1.jpg 500w, https:\/\/elinformanteperu.com\/wp-content\/uploads\/2019\/05\/la-papa1-300x200.jpg 300w, https:\/\/elinformanteperu.com\/wp-content\/uploads\/2019\/05\/la-papa1-128x86.jpg 128w, https:\/\/elinformanteperu.com\/wp-content\/uploads\/2019\/05\/la-papa1-32x21.jpg 32w\" sizes=\"(max-width: 500px) 100vw, 500px\" \/><span style=\"color: #000000;\">Igualmente, las papas nativas tienen un gran poder antinflamatorio, ayudan a combatir los problemas digestivos y protegen contra el c\u00e1ncer de est\u00f3mago.<\/span><\/p>\n<p><span style=\"color: #000000;\">En Per\u00fa hay 3,500 variedades de papa con diferentes propiedades, contenidos y cualidades. Ello gracias a la loable labor de conservaci\u00f3n de las comunidades de peque\u00f1os agricultores que habitan sobre todo en las zonas altoandinas.<\/span><\/p>\n<p><span style=\"color: #000000;\">La papa ha contribuido decididamente al \u201cboom\u201d gastron\u00f3mico peruano, dado que con la papa se elaboran una gran diversidad de potajes regionales de creciente aceptaci\u00f3n y reconocimiento internacional.<\/span><\/p>\n<p><strong><span style=\"color: #000000;\">Tub\u00e9rculo vers\u00e1til<\/span><\/strong><\/p>\n<p><span style=\"color: #000000;\">La versatilidad de la papa le permite ser utilizada en todo tipo de industrias, desde la alimentaria, biotecnolog\u00eda, farmac\u00e9utica, textil gracias a los tintes naturales, y la transformaci\u00f3n en productos no necesariamente alimenticios, como envases que reemplazan al pl\u00e1stico. Incluso se utiliza para generar energ\u00eda al aprovechar su biomasa.<\/span><\/p>\n","protected":false},"excerpt":{"rendered":"<p>La papa es uno de los mayores aportes alimentarios del Per\u00fa al mundo. Este 30 de mayo se celebra el D\u00eda Nacional de la Papa. Oportunidad para conocer el valor nutricional de este tub\u00e9rculo andino. Lima, 28 Mayo 2019, (ANDINA).- La papa es uno de los mayores aportes alimentarios del Per\u00fa al mundo. Este 30 [&hellip;]<\/p>\n","protected":false},"author":1,"featured_media":49927,"comment_status":"open","ping_status":"open","sticky":false,"template":"","format":"standard","meta":{"rop_custom_images_group":[],"rop_custom_messages_group":[],"rop_publish_now":"initial","rop_publish_now_accounts":[],"rop_publish_now_history":[],"rop_publish_now_status":"pending","footnotes":""},"categories":[10],"tags":[1665],"class_list":["post-49926","post","type-post","status-publish","format-standard","has-post-thumbnail","hentry","category-actualidad-municipal","tag-la-papa"],"_links":{"self":[{"href":"https:\/\/elinformanteperu.com\/index.php\/wp-json\/wp\/v2\/posts\/49926","targetHints":{"allow":["GET"]}}],"collection":[{"href":"https:\/\/elinformanteperu.com\/index.php\/wp-json\/wp\/v2\/posts"}],"about":[{"href":"https:\/\/elinformanteperu.com\/index.php\/wp-json\/wp\/v2\/types\/post"}],"author":[{"embeddable":true,"href":"https:\/\/elinformanteperu.com\/index.php\/wp-json\/wp\/v2\/users\/1"}],"replies":[{"embeddable":true,"href":"https:\/\/elinformanteperu.com\/index.php\/wp-json\/wp\/v2\/comments?post=49926"}],"version-history":[{"count":1,"href":"https:\/\/elinformanteperu.com\/index.php\/wp-json\/wp\/v2\/posts\/49926\/revisions"}],"predecessor-version":[{"id":49929,"href":"https:\/\/elinformanteperu.com\/index.php\/wp-json\/wp\/v2\/posts\/49926\/revisions\/49929"}],"wp:featuredmedia":[{"embeddable":true,"href":"https:\/\/elinformanteperu.com\/index.php\/wp-json\/wp\/v2\/media\/49927"}],"wp:attachment":[{"href":"https:\/\/elinformanteperu.com\/index.php\/wp-json\/wp\/v2\/media?parent=49926"}],"wp:term":[{"taxonomy":"category","embeddable":true,"href":"https:\/\/elinformanteperu.com\/index.php\/wp-json\/wp\/v2\/categories?post=49926"},{"taxonomy":"post_tag","embeddable":true,"href":"https:\/\/elinformanteperu.com\/index.php\/wp-json\/wp\/v2\/tags?post=49926"}],"curies":[{"name":"wp","href":"https:\/\/api.w.org\/{rel}","templated":true}]}}