{"id":49921,"date":"2019-05-28T20:35:25","date_gmt":"2019-05-29T01:35:25","guid":{"rendered":"http:\/\/elinformanteperu.com\/?p=49921"},"modified":"2019-05-28T20:44:35","modified_gmt":"2019-05-29T01:44:35","slug":"documental-prueba-de-fondo-narrara-la-vida-de-sacrificio-de-ines-melchor","status":"publish","type":"post","link":"https:\/\/elinformanteperu.com\/index.php\/2019\/05\/28\/documental-prueba-de-fondo-narrara-la-vida-de-sacrificio-de-ines-melchor\/","title":{"rendered":"Documental &#8216;Prueba de fondo&#8217; narrar\u00e1 la vida de sacrificio de In\u00e9s Melchor"},"content":{"rendered":"<p><span style=\"color: #000000;\"><strong>El jueves 6 de junio llega a la cartelera comercial &#8216;Prueba de fondo&#8217;, documental sobre la vida y entrenamiento de la atleta huancavelicana In\u00e9s Melchor.<\/strong><\/span><\/p>\n<p><span style=\"color: #000000;\"><strong>Lima, 28 Mayo 2019, (ANDINA).-<\/strong> El jueves 6 de junio llega a la cartelera comercial Prueba de fondo, documental sobre la vida y entrenamiento de la atleta huancavelicana In\u00e9s Melchor.<\/span><\/p>\n<p><span style=\"color: #000000;\">Cuando era adolescente, In\u00e9s Melchor, s\u00edmbolo del buen momento que vive el atletismo peruano, estaba m\u00e1s interesada en jugar al f\u00fatbol que en correr.<\/span><\/p>\n<p><span style=\"color: #000000;\">Datos curiosos como este abundan en el documental Prueba de fondo, que se estrenar\u00e1 la pr\u00f3xima semana a escala nacional.<\/span><\/p>\n<p><span style=\"color: #000000;\">La deportista, en conversaci\u00f3n con la Agencia de Noticias Andina, cont\u00f3 que le gustar\u00eda que esta pel\u00edcula sirva de inspiraci\u00f3n para que ni\u00f1os y j\u00f3venes se empe\u00f1en en lograr sus metas.<\/span><\/p>\n<p><span style=\"color: #000000;\">\u201cTambi\u00e9n queremos mostrar al mundo en general que en la vida cotidiana se pueden encontrar con diversas adversidades, pero que uno debe seguir luchando para lograr los objetivos trazados\u201d.<\/span><\/p>\n<p><span style=\"color: #000000;\"><strong>Una carrera a la vez<\/strong><\/span><\/p>\n<p><span style=\"color: #000000;\">La maratonista huancavelicana indic\u00f3 que est\u00e1 concentrada en hacer un buen papel en los Juegos Panamericanos en los que el Per\u00fa ser\u00e1 el anfitri\u00f3n este a\u00f1o.<\/span><\/p>\n<p><span style=\"color: #000000;\">Ella piensa retirarse de la competencia de alto nivel en el 2020.<\/span><\/p>\n<p><span style=\"color: #000000;\">Consultada sobre si espera irse superando su propio r\u00e9cord sudamericano de marat\u00f3n, ella respondi\u00f3 con humildad que espera primero hacer un buen tiempo en el mundial de atletismo a fin de clasificar a las Olimpiadas de Tokio 2020 y retirarse all\u00ed.<\/span><\/p>\n<p><span style=\"color: #000000;\">Un atractivo de este documental es que se muestran varios ejemplos de atletas del centro del Per\u00fa de distintas generaciones y la forma en que se dedican a su pasi\u00f3n por correr.<\/span><\/p>\n<p><span style=\"color: #000000;\"><strong>Datos<\/strong><\/span><\/p>\n<p><span style=\"color: #000000;\">6 de junio se estrena el documental Prueba de Fondo.<\/span><\/p>\n<p><span style=\"color: #000000;\">30 de mayo se har\u00e1 una avant premiere en Huancayo.<\/span><\/p>\n<p><span style=\"color: #000000;\">Filme fue dirigido por los debutantes Oscar Bermeo y Christian Acu\u00f1a.<\/span><\/p>\n<p><iframe title=\"TRAILER OFICIAL PRUEBA DE FONDO\" width=\"615\" height=\"346\" src=\"https:\/\/www.youtube.com\/embed\/nSea-HTNGfE?feature=oembed\" frameborder=\"0\" allow=\"accelerometer; autoplay; clipboard-write; encrypted-media; gyroscope; picture-in-picture; web-share\" referrerpolicy=\"strict-origin-when-cross-origin\" allowfullscreen><\/iframe><\/p>\n","protected":false},"excerpt":{"rendered":"<p>El jueves 6 de junio llega a la cartelera comercial &#8216;Prueba de fondo&#8217;, documental sobre la vida y entrenamiento de la atleta huancavelicana In\u00e9s Melchor. Lima, 28 Mayo 2019, (ANDINA).- El jueves 6 de junio llega a la cartelera comercial Prueba de fondo, documental sobre la vida y entrenamiento de la atleta huancavelicana In\u00e9s Melchor. [&hellip;]<\/p>\n","protected":false},"author":1,"featured_media":49922,"comment_status":"open","ping_status":"open","sticky":false,"template":"","format":"standard","meta":{"rop_custom_images_group":[],"rop_custom_messages_group":[],"rop_publish_now":"initial","rop_publish_now_accounts":[],"rop_publish_now_history":[],"rop_publish_now_status":"pending","footnotes":""},"categories":[7],"tags":[1626,1271,4472],"class_list":["post-49921","post","type-post","status-publish","format-standard","has-post-thumbnail","hentry","category-butaca","tag-cine-peruano","tag-ines-melchor","tag-prueba-de-fondo"],"_links":{"self":[{"href":"https:\/\/elinformanteperu.com\/index.php\/wp-json\/wp\/v2\/posts\/49921","targetHints":{"allow":["GET"]}}],"collection":[{"href":"https:\/\/elinformanteperu.com\/index.php\/wp-json\/wp\/v2\/posts"}],"about":[{"href":"https:\/\/elinformanteperu.com\/index.php\/wp-json\/wp\/v2\/types\/post"}],"author":[{"embeddable":true,"href":"https:\/\/elinformanteperu.com\/index.php\/wp-json\/wp\/v2\/users\/1"}],"replies":[{"embeddable":true,"href":"https:\/\/elinformanteperu.com\/index.php\/wp-json\/wp\/v2\/comments?post=49921"}],"version-history":[{"count":3,"href":"https:\/\/elinformanteperu.com\/index.php\/wp-json\/wp\/v2\/posts\/49921\/revisions"}],"predecessor-version":[{"id":49925,"href":"https:\/\/elinformanteperu.com\/index.php\/wp-json\/wp\/v2\/posts\/49921\/revisions\/49925"}],"wp:featuredmedia":[{"embeddable":true,"href":"https:\/\/elinformanteperu.com\/index.php\/wp-json\/wp\/v2\/media\/49922"}],"wp:attachment":[{"href":"https:\/\/elinformanteperu.com\/index.php\/wp-json\/wp\/v2\/media?parent=49921"}],"wp:term":[{"taxonomy":"category","embeddable":true,"href":"https:\/\/elinformanteperu.com\/index.php\/wp-json\/wp\/v2\/categories?post=49921"},{"taxonomy":"post_tag","embeddable":true,"href":"https:\/\/elinformanteperu.com\/index.php\/wp-json\/wp\/v2\/tags?post=49921"}],"curies":[{"name":"wp","href":"https:\/\/api.w.org\/{rel}","templated":true}]}}