{"id":49915,"date":"2019-05-28T19:19:47","date_gmt":"2019-05-29T00:19:47","guid":{"rendered":"http:\/\/elinformanteperu.com\/?p=49915"},"modified":"2019-05-28T19:19:47","modified_gmt":"2019-05-29T00:19:47","slug":"ivan-cruz-el-bolero-nunca-morira","status":"publish","type":"post","link":"https:\/\/elinformanteperu.com\/index.php\/2019\/05\/28\/ivan-cruz-el-bolero-nunca-morira\/","title":{"rendered":"Iv\u00e1n Cruz: \u201cEl bolero nunca morir\u00e1\u201d"},"content":{"rendered":"<p><span style=\"color: #000000;\"><strong>Iv\u00e1n Cruz est\u00e1 de vuelta en el pa\u00eds, tras una extensa gira que lo llev\u00f3 por el Viejo Continente. All\u00ed no s\u00f3lo cosech\u00f3 aplausos; sino que comprob\u00f3 que el bolero sigue vigente.<\/strong><\/span><\/p>\n<p><span style=\"color: #000000;\"><strong>Lima, 28 Mayo 2019, (ANDINA).-<\/strong> Iv\u00e1n Cruz est\u00e1 de vuelta en el pa\u00eds, tras una extensa gira que lo llev\u00f3 por el Viejo Continente. All\u00ed no s\u00f3lo cosech\u00f3 aplausos; sino que comprob\u00f3 una vez m\u00e1s que el g\u00e9nero que cultiva se mantiene m\u00e1s que vigente no s\u00f3lo en el p\u00fablico adulto, sino en los j\u00f3venes.<\/span><\/p>\n<p><span style=\"color: #000000;\">El \u2018Rey del bolero\u2019 interpretar\u00e1 sus mejores \u00e9xitos como \u2018S\u00e9 que me enga\u00f1aste un d\u00eda\u2019, \u2018Se\u00f1or Magistrado\u2019 y \u2018Por un pu\u00f1ado de Oro\u2019 entre otros temas que pese al paso tiempo siguen vigentes en el cancionero popular.<\/span><\/p>\n<p><span style=\"color: #000000;\">\u201cMis primeros temas como Me dices que te vas\u2019 y \u2018Mozo deme otra copa\u2019 que los grab\u00e9 en 1975, es decir hace 44 a\u00f1os, a\u00fan siguen vigentes y lo mejor de todo son un \u00e9xito. Sigue sonando en las radios, la gente lo pide en cada show y hay chicos de 15 o 20 a\u00f1os que se saben las letras; eso es bonito&#8230; el saber que uno trasciende con la m\u00fasica. No es por nada, pero no creo que muchos de estos nuevos artistas salseros puedan lograr que su m\u00fasica se escuche de aqu\u00ed a 10 a\u00f1os m\u00e1s porque solo cantan covers\u201d, comenta la gloria viviente del bolero peruano.<\/span><\/p>\n<p><span style=\"color: #000000;\">En cuanto a la continuidad del bolero lament\u00f3 que en Per\u00fa no existan nuevos baluartes de este g\u00e9nero. \u201cPara m\u00ed el bolero nunca morir\u00e1 gracias a los \u00e9xitos que cada uno de los artistas han sabido dejar. Los temas de Lucho Barrios y Pedrito Otiniano siguen sonando. El legado que han dejado y que personalmente yo tambi\u00e9n estoy dejando es importante. Lastimosamente no hay nuevos boleristas y esto se debe a la falta de apoyo de las radios locales que no dan oportunidad para difundir el g\u00e9nero\u201d.<\/span><\/p>\n<p><span style=\"color: #000000;\">Sobre la gira que realiz\u00f3 en Italia, Alemania y Espa\u00f1a se\u00f1al\u00f3 que es gratificante \u00absaber que dentro y fuera del pa\u00eds me quieren. Mi gira fue un \u00e9xito y me han pedido que vuelva pero eso ser\u00e1 despu\u00e9s del show que ofrecer\u00e9 por D\u00eda del Padre en el Centro de Convenciones Maracan\u00e1 de Jes\u00fas Mar\u00eda (Jir\u00f3n Hu\u00e1scar 1652) este 14 de junio, ser\u00e1 el reencuentro con mis seguidores\u201d.<\/span><\/p>\n<p><span style=\"color: #000000;\">Las entradas est\u00e1n a la venta en Teleticket de Wong y Metro.<\/span><\/p>\n<p><iframe title=\"ME DICES QUE TE VAS IVAN CRUZ\" width=\"615\" height=\"461\" src=\"https:\/\/www.youtube.com\/embed\/Wgd0-Nwmm6A?feature=oembed\" frameborder=\"0\" allow=\"accelerometer; autoplay; clipboard-write; encrypted-media; gyroscope; picture-in-picture; web-share\" referrerpolicy=\"strict-origin-when-cross-origin\" allowfullscreen><\/iframe><\/p>\n","protected":false},"excerpt":{"rendered":"<p>Iv\u00e1n Cruz est\u00e1 de vuelta en el pa\u00eds, tras una extensa gira que lo llev\u00f3 por el Viejo Continente. All\u00ed no s\u00f3lo cosech\u00f3 aplausos; sino que comprob\u00f3 que el bolero sigue vigente. Lima, 28 Mayo 2019, (ANDINA).- Iv\u00e1n Cruz est\u00e1 de vuelta en el pa\u00eds, tras una extensa gira que lo llev\u00f3 por el Viejo [&hellip;]<\/p>\n","protected":false},"author":1,"featured_media":49916,"comment_status":"open","ping_status":"open","sticky":false,"template":"","format":"standard","meta":{"rop_custom_images_group":[],"rop_custom_messages_group":[],"rop_publish_now":"initial","rop_publish_now_accounts":[],"rop_publish_now_history":[],"rop_publish_now_status":"pending","footnotes":""},"categories":[69],"tags":[3839],"class_list":["post-49915","post","type-post","status-publish","format-standard","has-post-thumbnail","hentry","category-musica","tag-ivan-cruz"],"_links":{"self":[{"href":"https:\/\/elinformanteperu.com\/index.php\/wp-json\/wp\/v2\/posts\/49915","targetHints":{"allow":["GET"]}}],"collection":[{"href":"https:\/\/elinformanteperu.com\/index.php\/wp-json\/wp\/v2\/posts"}],"about":[{"href":"https:\/\/elinformanteperu.com\/index.php\/wp-json\/wp\/v2\/types\/post"}],"author":[{"embeddable":true,"href":"https:\/\/elinformanteperu.com\/index.php\/wp-json\/wp\/v2\/users\/1"}],"replies":[{"embeddable":true,"href":"https:\/\/elinformanteperu.com\/index.php\/wp-json\/wp\/v2\/comments?post=49915"}],"version-history":[{"count":1,"href":"https:\/\/elinformanteperu.com\/index.php\/wp-json\/wp\/v2\/posts\/49915\/revisions"}],"predecessor-version":[{"id":49917,"href":"https:\/\/elinformanteperu.com\/index.php\/wp-json\/wp\/v2\/posts\/49915\/revisions\/49917"}],"wp:featuredmedia":[{"embeddable":true,"href":"https:\/\/elinformanteperu.com\/index.php\/wp-json\/wp\/v2\/media\/49916"}],"wp:attachment":[{"href":"https:\/\/elinformanteperu.com\/index.php\/wp-json\/wp\/v2\/media?parent=49915"}],"wp:term":[{"taxonomy":"category","embeddable":true,"href":"https:\/\/elinformanteperu.com\/index.php\/wp-json\/wp\/v2\/categories?post=49915"},{"taxonomy":"post_tag","embeddable":true,"href":"https:\/\/elinformanteperu.com\/index.php\/wp-json\/wp\/v2\/tags?post=49915"}],"curies":[{"name":"wp","href":"https:\/\/api.w.org\/{rel}","templated":true}]}}