{"id":49898,"date":"2019-05-28T00:11:38","date_gmt":"2019-05-28T05:11:38","guid":{"rendered":"http:\/\/elinformanteperu.com\/?p=49898"},"modified":"2019-05-28T00:11:38","modified_gmt":"2019-05-28T05:11:38","slug":"del-solar-no-asistira-a-comision-de-constitucion","status":"publish","type":"post","link":"https:\/\/elinformanteperu.com\/index.php\/2019\/05\/28\/del-solar-no-asistira-a-comision-de-constitucion\/","title":{"rendered":"Del Solar no asistir\u00e1 a Comisi\u00f3n de Constituci\u00f3n"},"content":{"rendered":"<p><strong><span style=\"color: #000000;\">El presidente del Consejo de Ministros, Salvador del Solar, inform\u00f3 que no asistir\u00e1 a la reuni\u00f3n convocada por la titular de la Comisi\u00f3n de Constituci\u00f3n del Congreso, Rosa Bartra.<\/span><\/strong><\/p>\n<p><span style=\"color: #000000;\"><strong>Lima, 27 Mayo 2019, (ANDINA).-<\/strong> El presidente del Consejo de Ministros, Salvador del Solar, inform\u00f3 que no asistir\u00e1 a la reuni\u00f3n convocada por la titular de la Comisi\u00f3n de Constituci\u00f3n del Congreso, Rosa Bartra, para tratar la reforma pol\u00edtica.<\/span><\/p>\n<p><span style=\"color: #000000;\">A trav\u00e9s de un oficio enviado a Bartra, el jefe del Gabinete Ministerial explic\u00f3 que no podr\u00e1 asistir a la convocatoria realizada hoy por Bartra, por tener compromisos asumidos con anterioridad.<\/span><\/p>\n<p><span style=\"color: #000000;\">\u201cCompromisos de agenda asumidos con anterioridad me impiden participar en la mencionada sesi\u00f3n\u00bb, se precisa en el oficio difundido por Canal N.<\/span><\/p>\n<p><span style=\"color: #000000;\">En el documento, Del Solar tambi\u00e9n le reiter\u00f3 a Bartra el inter\u00e9s del Poder Ejecutivo para que la reforma pol\u00edtica se debata en forma prioritaria y amplia.<\/span><\/p>\n<p><span style=\"color: #000000;\">Bartra inform\u00f3 hoy que hab\u00eda cursado una nueva invitaci\u00f3n al presidente del Consejo de Ministros, Salvador del Solar, y al ministro de Justicia, Vicente Zeballos, para que participen en el debate de las reformas constitucionales.<\/span><\/p>\n<p><span style=\"color: #000000;\">La presencia de ambos ministros estaba programada para la semana pasada, pero se cancel\u00f3 luego de que la comisi\u00f3n archivara el proyecto del Ejecutivo sobre la inmunidad parlamentaria sin un debate profundo.<\/span><\/p>\n<p><span style=\"color: #000000;\">El Poder Ejecutivo considera que la reforma pol\u00edtica es de m\u00e1xima prioridad y necesaria para consolidar la democracia peruana con miras al bicentenario de la independencia.<\/span><\/p>\n","protected":false},"excerpt":{"rendered":"<p>El presidente del Consejo de Ministros, Salvador del Solar, inform\u00f3 que no asistir\u00e1 a la reuni\u00f3n convocada por la titular de la Comisi\u00f3n de Constituci\u00f3n del Congreso, Rosa Bartra. Lima, 27 Mayo 2019, (ANDINA).- El presidente del Consejo de Ministros, Salvador del Solar, inform\u00f3 que no asistir\u00e1 a la reuni\u00f3n convocada por la titular de [&hellip;]<\/p>\n","protected":false},"author":1,"featured_media":49899,"comment_status":"open","ping_status":"open","sticky":false,"template":"","format":"standard","meta":{"rop_custom_images_group":[],"rop_custom_messages_group":[],"rop_publish_now":"initial","rop_publish_now_accounts":[],"rop_publish_now_history":[],"rop_publish_now_status":"pending","footnotes":""},"categories":[5],"tags":[192,473],"class_list":["post-49898","post","type-post","status-publish","format-standard","has-post-thumbnail","hentry","category-actualidad-informativa","tag-congreso","tag-salvador-del-solar"],"_links":{"self":[{"href":"https:\/\/elinformanteperu.com\/index.php\/wp-json\/wp\/v2\/posts\/49898","targetHints":{"allow":["GET"]}}],"collection":[{"href":"https:\/\/elinformanteperu.com\/index.php\/wp-json\/wp\/v2\/posts"}],"about":[{"href":"https:\/\/elinformanteperu.com\/index.php\/wp-json\/wp\/v2\/types\/post"}],"author":[{"embeddable":true,"href":"https:\/\/elinformanteperu.com\/index.php\/wp-json\/wp\/v2\/users\/1"}],"replies":[{"embeddable":true,"href":"https:\/\/elinformanteperu.com\/index.php\/wp-json\/wp\/v2\/comments?post=49898"}],"version-history":[{"count":1,"href":"https:\/\/elinformanteperu.com\/index.php\/wp-json\/wp\/v2\/posts\/49898\/revisions"}],"predecessor-version":[{"id":49900,"href":"https:\/\/elinformanteperu.com\/index.php\/wp-json\/wp\/v2\/posts\/49898\/revisions\/49900"}],"wp:featuredmedia":[{"embeddable":true,"href":"https:\/\/elinformanteperu.com\/index.php\/wp-json\/wp\/v2\/media\/49899"}],"wp:attachment":[{"href":"https:\/\/elinformanteperu.com\/index.php\/wp-json\/wp\/v2\/media?parent=49898"}],"wp:term":[{"taxonomy":"category","embeddable":true,"href":"https:\/\/elinformanteperu.com\/index.php\/wp-json\/wp\/v2\/categories?post=49898"},{"taxonomy":"post_tag","embeddable":true,"href":"https:\/\/elinformanteperu.com\/index.php\/wp-json\/wp\/v2\/tags?post=49898"}],"curies":[{"name":"wp","href":"https:\/\/api.w.org\/{rel}","templated":true}]}}