{"id":49889,"date":"2019-05-28T00:03:07","date_gmt":"2019-05-28T05:03:07","guid":{"rendered":"http:\/\/elinformanteperu.com\/?p=49889"},"modified":"2019-05-28T00:03:07","modified_gmt":"2019-05-28T05:03:07","slug":"villaran-dice-que-fiscalia-no-podra-probar-acusaciones-en-su-contra","status":"publish","type":"post","link":"https:\/\/elinformanteperu.com\/index.php\/2019\/05\/28\/villaran-dice-que-fiscalia-no-podra-probar-acusaciones-en-su-contra\/","title":{"rendered":"Villar\u00e1n dice que fiscal\u00eda no podr\u00e1 probar acusaciones en su contra"},"content":{"rendered":"<p><strong><span style=\"color: #000000;\">La exalcaldesa de Lima, Susana Villar\u00e1n asegur\u00f3 que no existe ning\u00fan peligro procesal en la investigaci\u00f3n en su contra por haber recibido dinero de las constructoras Odebrecht y OAS.<\/span><\/strong><\/p>\n<p><span style=\"color: #000000;\"><strong>Lima, 27 Mayo 2019, (ANDINA).-<\/strong> La exalcaldesa de Lima, Susana Villar\u00e1n asegur\u00f3 que no existe ning\u00fan peligro procesal en la investigaci\u00f3n en su contra por haber recibido dinero de las constructoras Odebrecht y OAS, y asegur\u00f3 que la fiscal\u00eda no podr\u00e1 probar que lidera una organizaci\u00f3n criminal as\u00ed como haber cometido lavado de activos.<\/span><\/p>\n<p><span style=\"color: #000000;\">\u201cNo represent\u00f3 peligro ni de fuga, ni de obstaculizaci\u00f3n. Est\u00e1 comprobada en mi conducta procesal. Yo tengo, desde el 2013, 120 procesos que se abrieron Ministerio P\u00fablico de los cuales tres cuartas partes se archivaron en la investigaci\u00f3n preliminar\u201d, dijo Villar\u00e1n al ejercer su defensa durante la audiencia de apelaci\u00f3n a la prisi\u00f3n preventiva dictada en su contra.<\/span><\/p>\n<p><span style=\"color: #000000;\">Villar\u00e1n rechaz\u00f3 la imputaci\u00f3n de fiscal\u00eda de liderar una presunta organizaci\u00f3n criminal y de haber cometido el delito de lavado de activos, por lo cual dijo estar segura de que el Ministerio P\u00fablico no podr\u00e1 probar su acusaci\u00f3n.<\/span><\/p>\n<p><span style=\"color: #000000;\">\u201cYo espero sinceramente, se los digo, que la fiscal\u00eda pruebe mi culpabilidad. Estoy segura que no podr\u00e1 probar que lidero una organizaci\u00f3n criminal en el tema de lavado de activos\u201d, afirm\u00f3.<\/span><\/p>\n<p><span style=\"color: #000000;\">Mencion\u00f3 que su trayectoria como servidora p\u00fablica en el gobierno y en el extranjero ha sido transparente, por lo cual rechaz\u00f3 el calificativo de \u00abmendaz\u00bb lanzado por el fiscal Rafael Vela quien adem\u00e1s advirti\u00f3 que la exalcaldesa muestra un comportamiento err\u00e1tico y no colabora con la justicia.<\/span><\/p>\n<p><span style=\"color: #000000;\">Villlar\u00e1n sostuvo que no es una mujer que huye de su responsabilidad y que si la justicia finalmente determina una condena en su contra la aceptar\u00e1 en cumplimiento de la ley en un estado de derecho.<\/span><\/p>\n<p><span style=\"color: #000000;\">No obstante, consider\u00f3 que corresponde variar la orden de prisi\u00f3n preventiva en su contra mientras se realiza la investigaci\u00f3n judicial, porque tiene dos nietas que perdieron a su madre y la necesitan.<\/span><\/p>\n<p><span style=\"color: #000000;\">\u201cYo s\u00ed soy importante en t\u00e9rminos de afecto y de inter\u00e9s superior del ni\u00f1o. Invoc\u00f3 el derecho superior del ni\u00f1o\u201d, expres\u00f3.<\/span><\/p>\n<p><span style=\"color: #000000;\">Villar\u00e1n de la Puente cumple prisi\u00f3n preventiva desde el 15 de mayo en el penal anexo de Mujeres de Chorrillos.<\/span><\/p>\n","protected":false},"excerpt":{"rendered":"<p>La exalcaldesa de Lima, Susana Villar\u00e1n asegur\u00f3 que no existe ning\u00fan peligro procesal en la investigaci\u00f3n en su contra por haber recibido dinero de las constructoras Odebrecht y OAS. Lima, 27 Mayo 2019, (ANDINA).- La exalcaldesa de Lima, Susana Villar\u00e1n asegur\u00f3 que no existe ning\u00fan peligro procesal en la investigaci\u00f3n en su contra por haber [&hellip;]<\/p>\n","protected":false},"author":1,"featured_media":49890,"comment_status":"open","ping_status":"open","sticky":false,"template":"","format":"standard","meta":{"rop_custom_images_group":[],"rop_custom_messages_group":[],"rop_publish_now":"initial","rop_publish_now_accounts":[],"rop_publish_now_history":[],"rop_publish_now_status":"pending","footnotes":""},"categories":[5],"tags":[2132,619,163,776],"class_list":["post-49889","post","type-post","status-publish","format-standard","has-post-thumbnail","hentry","category-actualidad-informativa","tag-oas","tag-odebrecht","tag-poder-judicial","tag-susana-villaran"],"_links":{"self":[{"href":"https:\/\/elinformanteperu.com\/index.php\/wp-json\/wp\/v2\/posts\/49889","targetHints":{"allow":["GET"]}}],"collection":[{"href":"https:\/\/elinformanteperu.com\/index.php\/wp-json\/wp\/v2\/posts"}],"about":[{"href":"https:\/\/elinformanteperu.com\/index.php\/wp-json\/wp\/v2\/types\/post"}],"author":[{"embeddable":true,"href":"https:\/\/elinformanteperu.com\/index.php\/wp-json\/wp\/v2\/users\/1"}],"replies":[{"embeddable":true,"href":"https:\/\/elinformanteperu.com\/index.php\/wp-json\/wp\/v2\/comments?post=49889"}],"version-history":[{"count":1,"href":"https:\/\/elinformanteperu.com\/index.php\/wp-json\/wp\/v2\/posts\/49889\/revisions"}],"predecessor-version":[{"id":49891,"href":"https:\/\/elinformanteperu.com\/index.php\/wp-json\/wp\/v2\/posts\/49889\/revisions\/49891"}],"wp:featuredmedia":[{"embeddable":true,"href":"https:\/\/elinformanteperu.com\/index.php\/wp-json\/wp\/v2\/media\/49890"}],"wp:attachment":[{"href":"https:\/\/elinformanteperu.com\/index.php\/wp-json\/wp\/v2\/media?parent=49889"}],"wp:term":[{"taxonomy":"category","embeddable":true,"href":"https:\/\/elinformanteperu.com\/index.php\/wp-json\/wp\/v2\/categories?post=49889"},{"taxonomy":"post_tag","embeddable":true,"href":"https:\/\/elinformanteperu.com\/index.php\/wp-json\/wp\/v2\/tags?post=49889"}],"curies":[{"name":"wp","href":"https:\/\/api.w.org\/{rel}","templated":true}]}}