{"id":49886,"date":"2019-05-28T00:00:43","date_gmt":"2019-05-28T05:00:43","guid":{"rendered":"http:\/\/elinformanteperu.com\/?p=49886"},"modified":"2019-05-28T00:00:43","modified_gmt":"2019-05-28T05:00:43","slug":"fiscal-formulo-nuevo-pedido-de-26-anos-de-carcel-contra-edwin-oviedo","status":"publish","type":"post","link":"https:\/\/elinformanteperu.com\/index.php\/2019\/05\/28\/fiscal-formulo-nuevo-pedido-de-26-anos-de-carcel-contra-edwin-oviedo\/","title":{"rendered":"Fiscal formul\u00f3 nuevo pedido de 26 a\u00f1os de c\u00e1rcel contra Edwin Oviedo"},"content":{"rendered":"<p><strong><span style=\"color: #000000;\">El Ministerio P\u00fablico solicit\u00f3 26 a\u00f1os de c\u00e1rcel contra el expresidente de la Federaci\u00f3n Peruana de F\u00fatbol (FPF), Edwin Oviedo Pichotito, y exdirectivos de la Empresa Agroindustrial Tum\u00e1n.<\/span><\/strong><\/p>\n<p><span style=\"color: #000000;\"><strong>Lima, 27 Mayo 2019, (ANDINA).-<\/strong> El Ministerio P\u00fablico solicit\u00f3 26 a\u00f1os de c\u00e1rcel contra el expresidente de la Federaci\u00f3n Peruana de F\u00fatbol (FPF), Edwin Oviedo Pichotito, y exdirectivos de la Empresa Agroindustrial Tum\u00e1n, quienes estar\u00edan implicados en la muerte del exsecretario del sindicato de trabajadores de dicha empresa, Percy Waldemar Farro Witte.<\/span><\/p>\n<p><span style=\"color: #000000;\">Esta segunda acusaci\u00f3n formulada por el fiscal provincial Juan Carrasco Millones, de la Fiscal\u00eda Especializada contra la Criminalidad Organizada de Lambayeque, es por el presunto delito de homicidio calificado con alevos\u00eda y lucro.<\/span><\/p>\n<p><span style=\"color: #000000;\">El pedido de 26 a\u00f1os alcanza tambi\u00e9n a los exdirectios Segundo Ordinola Zapata y Pablo Robetro Arce Benites.<\/span><\/p>\n<p><span style=\"color: #000000;\">Asimismo, a V\u00edctor Wilfredo Rodr\u00edguez Ortiz, para quien se solicit\u00f3 una pena de 28 a\u00f1os de prisi\u00f3n; as\u00ed como una pena de 20 a\u00f1os de c\u00e1rcel para Roberto Ismael Campos Effio y Feljud Olessan Castro Banda.<\/span><\/p>\n<p><span style=\"color: #000000;\">Junto a las penas, el Ministerio P\u00fablico solicit\u00f3 S\/ 1 mill\u00f3n de soles por concepto de reparaci\u00f3n civil solidaria a favor de la madre de la v\u00edctima.<\/span><\/p>\n<p><span style=\"color: #000000;\">El pasado 23 de mayo, el fiscal de Juan Carrasco Millones pidi\u00f3 26 a\u00f1os de prisi\u00f3n en contra Edwin Oviedo, por la presunta comisi\u00f3n del delito de homicidio calificado en contra de Manuel Rimarach\u00edn Cascos, exdirigente de la azucarera Tum\u00e1n, en Chiclayo.<\/span><\/p>\n","protected":false},"excerpt":{"rendered":"<p>El Ministerio P\u00fablico solicit\u00f3 26 a\u00f1os de c\u00e1rcel contra el expresidente de la Federaci\u00f3n Peruana de F\u00fatbol (FPF), Edwin Oviedo Pichotito, y exdirectivos de la Empresa Agroindustrial Tum\u00e1n. Lima, 27 Mayo 2019, (ANDINA).- El Ministerio P\u00fablico solicit\u00f3 26 a\u00f1os de c\u00e1rcel contra el expresidente de la Federaci\u00f3n Peruana de F\u00fatbol (FPF), Edwin Oviedo Pichotito, y [&hellip;]<\/p>\n","protected":false},"author":1,"featured_media":49887,"comment_status":"open","ping_status":"open","sticky":false,"template":"","format":"standard","meta":{"rop_custom_images_group":[],"rop_custom_messages_group":[],"rop_publish_now":"initial","rop_publish_now_accounts":[],"rop_publish_now_history":[],"rop_publish_now_status":"pending","footnotes":""},"categories":[5],"tags":[694,370,163],"class_list":["post-49886","post","type-post","status-publish","format-standard","has-post-thumbnail","hentry","category-actualidad-informativa","tag-edwin-oviedo","tag-ministerio-publico","tag-poder-judicial"],"_links":{"self":[{"href":"https:\/\/elinformanteperu.com\/index.php\/wp-json\/wp\/v2\/posts\/49886","targetHints":{"allow":["GET"]}}],"collection":[{"href":"https:\/\/elinformanteperu.com\/index.php\/wp-json\/wp\/v2\/posts"}],"about":[{"href":"https:\/\/elinformanteperu.com\/index.php\/wp-json\/wp\/v2\/types\/post"}],"author":[{"embeddable":true,"href":"https:\/\/elinformanteperu.com\/index.php\/wp-json\/wp\/v2\/users\/1"}],"replies":[{"embeddable":true,"href":"https:\/\/elinformanteperu.com\/index.php\/wp-json\/wp\/v2\/comments?post=49886"}],"version-history":[{"count":1,"href":"https:\/\/elinformanteperu.com\/index.php\/wp-json\/wp\/v2\/posts\/49886\/revisions"}],"predecessor-version":[{"id":49888,"href":"https:\/\/elinformanteperu.com\/index.php\/wp-json\/wp\/v2\/posts\/49886\/revisions\/49888"}],"wp:featuredmedia":[{"embeddable":true,"href":"https:\/\/elinformanteperu.com\/index.php\/wp-json\/wp\/v2\/media\/49887"}],"wp:attachment":[{"href":"https:\/\/elinformanteperu.com\/index.php\/wp-json\/wp\/v2\/media?parent=49886"}],"wp:term":[{"taxonomy":"category","embeddable":true,"href":"https:\/\/elinformanteperu.com\/index.php\/wp-json\/wp\/v2\/categories?post=49886"},{"taxonomy":"post_tag","embeddable":true,"href":"https:\/\/elinformanteperu.com\/index.php\/wp-json\/wp\/v2\/tags?post=49886"}],"curies":[{"name":"wp","href":"https:\/\/api.w.org\/{rel}","templated":true}]}}