{"id":49848,"date":"2019-05-27T23:19:54","date_gmt":"2019-05-28T04:19:54","guid":{"rendered":"http:\/\/elinformanteperu.com\/?p=49848"},"modified":"2019-05-27T23:19:54","modified_gmt":"2019-05-28T04:19:54","slug":"defensoria-advierte-que-casonas-de-cercado-de-lima-corren-peligro-ante-lluvias","status":"publish","type":"post","link":"https:\/\/elinformanteperu.com\/index.php\/2019\/05\/27\/defensoria-advierte-que-casonas-de-cercado-de-lima-corren-peligro-ante-lluvias\/","title":{"rendered":"Defensor\u00eda advierte que casonas de Cercado de Lima corren peligro ante lluvias"},"content":{"rendered":"<p><strong><span style=\"color: #000000;\">Tras una supervisi\u00f3n en casonas y solares de Barrios Altos (Cercado de Lima) en esta \u00e9poca de lloviznas, comisionados de la Defensor\u00eda del Pueblo constataron posibles situaciones de riesgo para sus ocupantes.<\/span><\/strong><\/p>\n<p><span style=\"color: #000000;\"><strong>Lima, 27 Mayo 2019, (ANDINA).-<\/strong> Tras una supervisi\u00f3n en casonas y solares de Barrios Altos (Cercado de Lima) en esta \u00e9poca de lloviznas, comisionados de la Defensor\u00eda del Pueblo constataron posibles situaciones de riesgo para sus ocupantes, debido a su material de construcci\u00f3n, en su mayor\u00eda adobe, as\u00ed como su antig\u00fcedad y hacinamiento.<\/span><\/p>\n<p><span style=\"color: #000000;\">A trav\u00e9s de un oficio, la Defensor\u00eda solicit\u00f3 a la Municipalidad de Lima disponer la verificaci\u00f3n de los hechos advertidos durante la visita a los puntos inspeccionados, donde se verific\u00f3 la existencia de filtraciones en techos y paredes, riesgo de derrumbe as\u00ed como peligro de car\u00e1cter el\u00e9ctrico.<\/span><\/p>\n<p><span style=\"color: #000000;\">Se solicit\u00f3 efectuar el empadronamiento de las viviendas y poblaci\u00f3n expuesta, as\u00ed como determinar zonas cr\u00edticas.<\/span><\/p>\n<p><span style=\"color: #000000;\">En oficio dirigido a la Gerente Municipal del Metropolitano, Gloria Corvacho Becerra, el jefe de la oficina de la Defensor\u00eda del Pueblo en Lima, Alberto Huerta, ha solicitado, conforme a lo establecido en el art\u00edculo 26\u00b0 de la Ley 26520, informaci\u00f3n respecto de las acciones adoptadas o que se planteen adoptar.<\/span><\/p>\n<p><span style=\"color: #000000;\">\u201cAnte el riesgo inminente se espera la respuesta inmediata de la Municipalidad de Lima a trav\u00e9s de la implementaci\u00f3n de las medidas recomendadas por nuestra instituci\u00f3n en salvaguarda de la vida e integridad de las personas\u201d, subray\u00f3 el representante de la Defensor\u00eda del Pueblo.<\/span><\/p>\n","protected":false},"excerpt":{"rendered":"<p>Tras una supervisi\u00f3n en casonas y solares de Barrios Altos (Cercado de Lima) en esta \u00e9poca de lloviznas, comisionados de la Defensor\u00eda del Pueblo constataron posibles situaciones de riesgo para sus ocupantes. Lima, 27 Mayo 2019, (ANDINA).- Tras una supervisi\u00f3n en casonas y solares de Barrios Altos (Cercado de Lima) en esta \u00e9poca de lloviznas, [&hellip;]<\/p>\n","protected":false},"author":1,"featured_media":49849,"comment_status":"open","ping_status":"open","sticky":false,"template":"","format":"standard","meta":{"rop_custom_images_group":[],"rop_custom_messages_group":[],"rop_publish_now":"initial","rop_publish_now_accounts":[],"rop_publish_now_history":[],"rop_publish_now_status":"pending","footnotes":""},"categories":[10],"tags":[428,148,122],"class_list":["post-49848","post","type-post","status-publish","format-standard","has-post-thumbnail","hentry","category-actualidad-municipal","tag-defensoria-del-pueblo","tag-indeci","tag-municipalidad-de-lima"],"_links":{"self":[{"href":"https:\/\/elinformanteperu.com\/index.php\/wp-json\/wp\/v2\/posts\/49848","targetHints":{"allow":["GET"]}}],"collection":[{"href":"https:\/\/elinformanteperu.com\/index.php\/wp-json\/wp\/v2\/posts"}],"about":[{"href":"https:\/\/elinformanteperu.com\/index.php\/wp-json\/wp\/v2\/types\/post"}],"author":[{"embeddable":true,"href":"https:\/\/elinformanteperu.com\/index.php\/wp-json\/wp\/v2\/users\/1"}],"replies":[{"embeddable":true,"href":"https:\/\/elinformanteperu.com\/index.php\/wp-json\/wp\/v2\/comments?post=49848"}],"version-history":[{"count":1,"href":"https:\/\/elinformanteperu.com\/index.php\/wp-json\/wp\/v2\/posts\/49848\/revisions"}],"predecessor-version":[{"id":49850,"href":"https:\/\/elinformanteperu.com\/index.php\/wp-json\/wp\/v2\/posts\/49848\/revisions\/49850"}],"wp:featuredmedia":[{"embeddable":true,"href":"https:\/\/elinformanteperu.com\/index.php\/wp-json\/wp\/v2\/media\/49849"}],"wp:attachment":[{"href":"https:\/\/elinformanteperu.com\/index.php\/wp-json\/wp\/v2\/media?parent=49848"}],"wp:term":[{"taxonomy":"category","embeddable":true,"href":"https:\/\/elinformanteperu.com\/index.php\/wp-json\/wp\/v2\/categories?post=49848"},{"taxonomy":"post_tag","embeddable":true,"href":"https:\/\/elinformanteperu.com\/index.php\/wp-json\/wp\/v2\/tags?post=49848"}],"curies":[{"name":"wp","href":"https:\/\/api.w.org\/{rel}","templated":true}]}}