{"id":49836,"date":"2019-05-27T23:04:18","date_gmt":"2019-05-28T04:04:18","guid":{"rendered":"http:\/\/elinformanteperu.com\/?p=49836"},"modified":"2019-05-27T23:04:18","modified_gmt":"2019-05-28T04:04:18","slug":"loreto-clases-se-dictan-con-normalidad-en-distrito-de-lagunas-epicentro-del-sismo","status":"publish","type":"post","link":"https:\/\/elinformanteperu.com\/index.php\/2019\/05\/27\/loreto-clases-se-dictan-con-normalidad-en-distrito-de-lagunas-epicentro-del-sismo\/","title":{"rendered":"Loreto: clases se dictan con normalidad en distrito de Lagunas, epicentro del sismo"},"content":{"rendered":"<p><strong><span style=\"color: #000000;\">En el distrito de Lagunas, provincia loretana de Alto Amazonas, donde se localiz\u00f3 el epicentro del sismo de magnitud 8.0, las clases se desarrollan de manera normal.<\/span><\/strong><\/p>\n<p><span style=\"color: #000000;\"><strong>Lima, 27 Mayo 2019, (ANDINA).-<\/strong> En el distrito de Lagunas, provincia loretana de Alto Amazonas, donde se localiz\u00f3 el epicentro del sismo de magnitud 8.0, las clases se desarrollan de manera normal, pero en la comunidad La Esperanza, que tiene al menos 80 escolares, el centro educativo colaps\u00f3 y se instalar\u00e1n m\u00f3dulos prefabricados para que los estudiantes no pierdan clases.<\/span><\/p>\n<p><span style=\"color: #000000;\">As\u00ed lo inform\u00f3 la ministra de Educaci\u00f3n, Flor Pablo, mientras sobrevolaba el distrito de Lagunas, para supervisar la situaci\u00f3n de la infraestructura educativa y adoptar medidas que permitan la pronta reanudaci\u00f3n de las clases suspendidas en aproximadamente 511 colegios de 16 unidades de gesti\u00f3n educativa local (UGEL) de 5 regiones, aunque el n\u00famero de instituciones educativas afectadas es menor.<\/span><\/p>\n<p><span style=\"color: #000000;\">A\u00f1adi\u00f3 que para la instalaci\u00f3n de las aulas prefabricadas en la comunidad La Esperanza \u2013 que cuenta con 150 habitantes. coordina con el alcalde distrital de Lagunas, Arry Pezo Murayari, ya que esta labor es complicada teniendo en cuenta que la zona es inundable, por lo que se tendr\u00e1 que construir losas en altillo para su construcci\u00f3n y reiniciar las clases.<\/span><\/p>\n<p><span style=\"color: #000000;\">Pablo explic\u00f3 que aunque en algunas zonas los colegios no han sufrido graves da\u00f1os en su infraestructura, las clases han sido suspendidas porque hay problemas en las v\u00edas de acceso a los centros educativos o la comunidad ha sido afectada seriamente por el sismo.<\/span><\/p>\n<p><span style=\"color: #000000;\">\u201cUn equipo del Ministerio de Educaci\u00f3n (Minedu) recorre la zona por v\u00eda fluvial para identificar los centros educativos afectados y colapsados, y con la informaci\u00f3n que se obtenga se dispondr\u00e1 su atenci\u00f3n de manera inmediata\u201d, puntualiz\u00f3.<\/span><\/p>\n<p><span style=\"color: #000000;\">El \u00faltimo reporte del Centro de Operaciones de Emergencia Sectorial (COES) del Minedu se\u00f1ala que en 10 regiones hay 91 escuelas con afectaci\u00f3n en sus ambientes y 2 escuelas inhabitables, y que se viene realizando el monitoreo para una intervenci\u00f3n conjunta del sector con instancias regionales descentralizadas en el marco de la declaratoria de emergencia.<\/span><\/p>\n<p><span style=\"color: #000000;\">Entre las instituciones afectadas en la regi\u00f3n Loreto figuran la 62057, Misional Goretti, 60696, 62017, 62499, Monse\u00f1or Atanasio J\u00e1uregui Goiri, Arahuante, 145, 029, 62007 Jos\u00e9 Mar\u00eda Arguedas, 60747, 64193, 6010321, 60531, 60866, 601608, 60138, 60025, 345 Stella Maris, 476 Los Arbolitos y 601325 Carmen Rosa Panduro Ram\u00edrez.<\/span><\/p>\n<p><span style=\"color: #000000;\">Las regiones que presentan afectaci\u00f3n en las escuelas son Amazonas (1), \u00c1ncash (11), Cajamarca (6), Hu\u00e1nuco (1), La Libertad (23), Lambayeque (6), Loreto (21), Pasco (1) Piura (2) y San Mart\u00edn (17).<\/span><\/p>\n<p><span style=\"color: #000000;\">Los equipos de respuesta del Minedu en las regiones contin\u00faan con el levantamiento de informaci\u00f3n para verificar si existen m\u00e1s escuelas afectadas, mientras sostienen reuniones con otros sectores para evaluar los da\u00f1os.<\/span><\/p>\n<p><span style=\"color: #000000;\">Asimismo, la ministra dijo que los profesores y otros profesionales que trabajan en el sector est\u00e1n orientados a hacer la evaluaci\u00f3n social y psicol\u00f3gica de los alumnos y sus familias para brindarles el soporte emocional, ya que posteriormente habr\u00e1 la soluci\u00f3n sobre la rehabilitaci\u00f3n de los colegios.<\/span><\/p>\n<p><span style=\"color: #000000;\">De otro lado, mencion\u00f3 que tiene previsto coordinar con el alcalde de Lagunas, Arry Pezo Murayari, para ver la posibilidad de instalar aulas prefabricadas, lo que resulta tedioso teniendo en cuenta que la zona es inundable, por lo que se tendr\u00e1 que construir lozas en altillo para su construcci\u00f3n y reiniciar las clases que se suspendieron despu\u00e9s del sismo del domingo.<\/span><\/p>\n<p><span style=\"color: #000000;\">Finalmente, la ministra a su retorno a Tarapoto (San Mart\u00edn) se traslad\u00f3 a la regi\u00f3n Ucayali y los sitios m\u00e1s afectados por el sismo, en donde tambi\u00e9n habr\u00e1 acciones concretas de su sector, principalmente en la rehabilitaci\u00f3n de las infraestructuras educativas.<\/span><\/p>\n<p><span style=\"color: #000000;\">El Minedu recomienda a la poblaci\u00f3n mantener la calma en caso de emergencias, evacuar hacia las zonas seguras establecidas y permanecer all\u00ed hasta que las autoridades lo indiquen. En casa se recomienda verificar la presencia de los integrantes de la familia y comunicarse con el resto de los familiares mediante mensajes de texto, llamando al 119 y utilizar la mochila de emergencia.<\/span><\/p>\n","protected":false},"excerpt":{"rendered":"<p>En el distrito de Lagunas, provincia loretana de Alto Amazonas, donde se localiz\u00f3 el epicentro del sismo de magnitud 8.0, las clases se desarrollan de manera normal. Lima, 27 Mayo 2019, (ANDINA).- En el distrito de Lagunas, provincia loretana de Alto Amazonas, donde se localiz\u00f3 el epicentro del sismo de magnitud 8.0, las clases se [&hellip;]<\/p>\n","protected":false},"author":1,"featured_media":49837,"comment_status":"open","ping_status":"open","sticky":false,"template":"","format":"standard","meta":{"rop_custom_images_group":[],"rop_custom_messages_group":[],"rop_publish_now":"initial","rop_publish_now_accounts":[],"rop_publish_now_history":[],"rop_publish_now_status":"pending","footnotes":""},"categories":[10],"tags":[1057,148,1668,328,4462],"class_list":["post-49836","post","type-post","status-publish","format-standard","has-post-thumbnail","hentry","category-actualidad-municipal","tag-coer","tag-indeci","tag-minedu","tag-ministerio-de-de-educacion","tag-sismo-loreto-2019"],"_links":{"self":[{"href":"https:\/\/elinformanteperu.com\/index.php\/wp-json\/wp\/v2\/posts\/49836","targetHints":{"allow":["GET"]}}],"collection":[{"href":"https:\/\/elinformanteperu.com\/index.php\/wp-json\/wp\/v2\/posts"}],"about":[{"href":"https:\/\/elinformanteperu.com\/index.php\/wp-json\/wp\/v2\/types\/post"}],"author":[{"embeddable":true,"href":"https:\/\/elinformanteperu.com\/index.php\/wp-json\/wp\/v2\/users\/1"}],"replies":[{"embeddable":true,"href":"https:\/\/elinformanteperu.com\/index.php\/wp-json\/wp\/v2\/comments?post=49836"}],"version-history":[{"count":1,"href":"https:\/\/elinformanteperu.com\/index.php\/wp-json\/wp\/v2\/posts\/49836\/revisions"}],"predecessor-version":[{"id":49838,"href":"https:\/\/elinformanteperu.com\/index.php\/wp-json\/wp\/v2\/posts\/49836\/revisions\/49838"}],"wp:featuredmedia":[{"embeddable":true,"href":"https:\/\/elinformanteperu.com\/index.php\/wp-json\/wp\/v2\/media\/49837"}],"wp:attachment":[{"href":"https:\/\/elinformanteperu.com\/index.php\/wp-json\/wp\/v2\/media?parent=49836"}],"wp:term":[{"taxonomy":"category","embeddable":true,"href":"https:\/\/elinformanteperu.com\/index.php\/wp-json\/wp\/v2\/categories?post=49836"},{"taxonomy":"post_tag","embeddable":true,"href":"https:\/\/elinformanteperu.com\/index.php\/wp-json\/wp\/v2\/tags?post=49836"}],"curies":[{"name":"wp","href":"https:\/\/api.w.org\/{rel}","templated":true}]}}