{"id":49827,"date":"2019-05-27T22:53:32","date_gmt":"2019-05-28T03:53:32","guid":{"rendered":"http:\/\/elinformanteperu.com\/?p=49827"},"modified":"2019-05-27T22:53:32","modified_gmt":"2019-05-28T03:53:32","slug":"gobierno-distribuye-1148-kg-de-alimentos-a-damnificados-por-sismo-en-loreto","status":"publish","type":"post","link":"https:\/\/elinformanteperu.com\/index.php\/2019\/05\/27\/gobierno-distribuye-1148-kg-de-alimentos-a-damnificados-por-sismo-en-loreto\/","title":{"rendered":"Gobierno distribuye 1,148 kg de alimentos a damnificados por sismo en Loreto"},"content":{"rendered":"<p><strong><span style=\"color: #000000;\">Un total de 1,148 kilos de alimentos, 164 carpas y 1,164 frazadas distribuy\u00f3 el Gobierno entre las familias damnificadas y afectadas de la ciudad de Iquitos y el distrito de Nauta.<\/span><\/strong><\/p>\n<p><span style=\"color: #000000;\"><strong>Iquitos, 27 Mayo 2019, (ANDINA).-<\/strong> Un total de 1,148 kilos de alimentos, 164 carpas y 1,164 frazadas distribuy\u00f3 el Gobierno entre las familias damnificadas y afectadas de la ciudad de Iquitos y el distrito de Nauta por el fuerte sismo de magnitud 8.0 registrado ayer en la provincia de Alto Amazonas, regi\u00f3n Loreto.<\/span><\/p>\n<p><span style=\"color: #000000;\">As\u00ed lo inform\u00f3 la ministra de la Producci\u00f3n, Roc\u00edo Barrios, quien se encuentra en Iquitos supervisando y coordinando la entrega de ayuda humanitaria a las familias damnificadas y afectadas por el fuerte temblor.<\/span><\/p>\n<p><span style=\"color: #000000;\">La titular de Produce se reuni\u00f3 con los miembros del Centro de Operaciones de Emergencia Regional (COER) de Loreto, donde se inform\u00f3 del balance de da\u00f1os en esta regi\u00f3n. Se dio cuenta de 4 familias damnificadas y 180 cuyas viviendas fueron da\u00f1adas, 68 viviendas afectadas y 6 inhabitables, 13 personas heridas, adem\u00e1s de 23 centros educativos (uno colapsado) y 12 centros de salud (2 colapsados) que sufrieron da\u00f1os por el sismo registrado ayer.<\/span><\/p>\n<p><span style=\"color: #000000;\">En la reuni\u00f3n participaron el viceministro de Mype e Industria, Oscar Graham; Tamar Arimborgo Guerra, congresista por Loreto; Andr\u00e9s Ferreira Macedo, vicegobernador regional de Loreto; representantes de las tres armas de las FFAA, del INDECI y de la Direcci\u00f3n Regional de la Producci\u00f3n.<\/span><\/p>\n<p><strong><span style=\"color: #000000;\">Acciones en Nauta<\/span><\/strong><\/p>\n<p><span style=\"color: #000000;\">Barrios se traslad\u00f3 al distrito de Nauta, en la provincia de Loreto, donde se concentra el mayor n\u00famero de familias y personas damnificadas de la regi\u00f3n. Una vez en el lugar se reportaron 4 viviendas como inhabitables y otras 23 afectadas. 2 iglesias y 3 centros educativos sufrieron da\u00f1os al igual que 30 metros de asfalto en el centro de la ciudad.<\/span><\/p>\n<p><span style=\"color: #000000;\">Se inform\u00f3, adem\u00e1s, de 21 viviendas afectadas en el centro poblado de Charupa, en el distrito de Pastaza. Barrios dispuso el env\u00edo inmediato de carpas para las familias. Posteriormente visit\u00f3 el colegio Virgen Rosa M\u00edstica donde estudian m\u00e1s de 600 ni\u00f1os de la zona, identific\u00e1ndose 46 puntos afectados en sus estructuras.<\/span><\/p>\n<p><span style=\"color: #000000;\">\u201cEstamos en Nauta para ver las condiciones en las cuales se encuentra la infraestructura que se ha reportado como afectada y hemos verificado que hay cuatro viviendas completamente da\u00f1adas; estamos coordinando con Lima para la atenci\u00f3n respectiva. Hemos visitado los colegios afectados para salvaguardar la seguridad de los alumnos y nos estamos dirigiendo a los centros de salud. Asimismo, hemos monitoreado la deficiencia en el servicio de agua que va a tener el distrito de Requena y estamos coordinando para prestar la ayuda que se requiera\u201d, puntualiz\u00f3.<\/span><\/p>\n<p><strong><span style=\"color: #000000;\">Distritos de Requena, Bel\u00e9n e Iquitos<\/span><\/strong><\/p>\n<p><span style=\"color: #000000;\">El viceministro de Mype e Industria, Oscar Graham, desde el COER Loreto, coordin\u00f3 acciones tras la afectaci\u00f3n en el servicio de agua y electricidad en algunas zonas del distrito de Requena. En Bel\u00e9n, se reportaron da\u00f1os en un centro de salud y 3 locales comerciales.<\/span><\/p>\n<p><span style=\"color: #000000;\">En el distrito de Iquitos, dos viviendas fueron las afectadas y 3 centros comerciales, adem\u00e1s de postes de luz en la zona de Carlos de Araujo. Posteriormente Graham se traslad\u00f3 al distrito de Punchana para analizar, in situ, la situaci\u00f3n de los da\u00f1os.<\/span><\/p>\n<p><span style=\"color: #000000;\">Como se recuerda, el Gobierno dispuso acciones inmediatas, a trav\u00e9s de diversos ministerios, para atender las emergencias causadas por el fuerte sismo ocurrido esta madrugada y restablecer los servicios que fueron afectados.<\/span><\/p>\n","protected":false},"excerpt":{"rendered":"<p>Un total de 1,148 kilos de alimentos, 164 carpas y 1,164 frazadas distribuy\u00f3 el Gobierno entre las familias damnificadas y afectadas de la ciudad de Iquitos y el distrito de Nauta. Iquitos, 27 Mayo 2019, (ANDINA).- Un total de 1,148 kilos de alimentos, 164 carpas y 1,164 frazadas distribuy\u00f3 el Gobierno entre las familias damnificadas [&hellip;]<\/p>\n","protected":false},"author":1,"featured_media":49828,"comment_status":"open","ping_status":"open","sticky":false,"template":"","format":"standard","meta":{"rop_custom_images_group":[],"rop_custom_messages_group":[],"rop_publish_now":"initial","rop_publish_now_accounts":[],"rop_publish_now_history":[],"rop_publish_now_status":"pending","footnotes":""},"categories":[10],"tags":[148,4462],"class_list":["post-49827","post","type-post","status-publish","format-standard","has-post-thumbnail","hentry","category-actualidad-municipal","tag-indeci","tag-sismo-loreto-2019"],"_links":{"self":[{"href":"https:\/\/elinformanteperu.com\/index.php\/wp-json\/wp\/v2\/posts\/49827","targetHints":{"allow":["GET"]}}],"collection":[{"href":"https:\/\/elinformanteperu.com\/index.php\/wp-json\/wp\/v2\/posts"}],"about":[{"href":"https:\/\/elinformanteperu.com\/index.php\/wp-json\/wp\/v2\/types\/post"}],"author":[{"embeddable":true,"href":"https:\/\/elinformanteperu.com\/index.php\/wp-json\/wp\/v2\/users\/1"}],"replies":[{"embeddable":true,"href":"https:\/\/elinformanteperu.com\/index.php\/wp-json\/wp\/v2\/comments?post=49827"}],"version-history":[{"count":1,"href":"https:\/\/elinformanteperu.com\/index.php\/wp-json\/wp\/v2\/posts\/49827\/revisions"}],"predecessor-version":[{"id":49829,"href":"https:\/\/elinformanteperu.com\/index.php\/wp-json\/wp\/v2\/posts\/49827\/revisions\/49829"}],"wp:featuredmedia":[{"embeddable":true,"href":"https:\/\/elinformanteperu.com\/index.php\/wp-json\/wp\/v2\/media\/49828"}],"wp:attachment":[{"href":"https:\/\/elinformanteperu.com\/index.php\/wp-json\/wp\/v2\/media?parent=49827"}],"wp:term":[{"taxonomy":"category","embeddable":true,"href":"https:\/\/elinformanteperu.com\/index.php\/wp-json\/wp\/v2\/categories?post=49827"},{"taxonomy":"post_tag","embeddable":true,"href":"https:\/\/elinformanteperu.com\/index.php\/wp-json\/wp\/v2\/tags?post=49827"}],"curies":[{"name":"wp","href":"https:\/\/api.w.org\/{rel}","templated":true}]}}