{"id":49813,"date":"2019-05-27T21:35:50","date_gmt":"2019-05-28T02:35:50","guid":{"rendered":"http:\/\/elinformanteperu.com\/?p=49813"},"modified":"2019-05-27T21:35:50","modified_gmt":"2019-05-28T02:35:50","slug":"casi-medio-millon-de-peruanos-entre-19-a-24-anos-han-desarrollado-el-habito-de-fumar","status":"publish","type":"post","link":"https:\/\/elinformanteperu.com\/index.php\/2019\/05\/27\/casi-medio-millon-de-peruanos-entre-19-a-24-anos-han-desarrollado-el-habito-de-fumar\/","title":{"rendered":"Casi medio mill\u00f3n de peruanos entre 19 a 24 a\u00f1os han desarrollado el h\u00e1bito de fumar"},"content":{"rendered":"<p><strong><span style=\"color: #000000;\">Riesgo de padecer c\u00e1ncer de pulm\u00f3n es de un 20% a 50% m\u00e1s elevado en quienes conviven con personas fumadoras. Exposici\u00f3n al aire contaminado por el humo del tabaco implica un aumento de 30% de riesgo de padecer enfermedades cardiovasculares.<\/span><\/strong><\/p>\n<p><span style=\"color: #000000;\"><strong>Lima, 27 Mayo 2019, (El Informante Per\u00fa).-<\/strong> El humo de tabaco es un gran problema de salud p\u00fablica debido a los efectos que genera en el corto y largo plazo. El INEN reporta que cerca de 16,700 peruanos mueren al a\u00f1o por diferentes enfermedades relacionadas con su consumo, entre ellas el c\u00e1ncer, que en la actualidad es la segunda causa de muerte en el pa\u00eds, se\u00f1al\u00f3 el Dr. Jos\u00e9 Yachachin, profesor de Medicina de la Universidad Peruana Cayetano Heredia (UPCH).<\/span><\/p>\n<p><span style=\"color: #000000;\">\u201cSin embargo, tampoco se puede dejar pasar por alto que el Per\u00fa es un pa\u00eds con alta frecuencia de tuberculosis, y el humo de tabaco ha mostrado que los fumadores tienen riesgo de hasta 6 veces m\u00e1s de padecerla en relaci\u00f3n a quienes no fuman\u201d, resalt\u00f3 en el marco del D\u00eda Mundial Sin Tabaco.<\/span><\/p>\n<p><span style=\"color: #000000;\">Seg\u00fan datos de la Organizaci\u00f3n Panamericana de la Salud (OPS), en todo el mundo, m\u00e1s de 24 millones de adolescentes de entre 13 y 15 a\u00f1os, fuman cigarrillos (m\u00e1s frecuente en varones) y alrededor del 4% usan productos de tabaco sin humo. En las Am\u00e9ricas, alrededor de 4,6 millones de adolescentes de entre 13 y 15 a\u00f1os fuman cigarrillos (cifra similar entre varones y mujeres).<\/span><\/p>\n<p><span style=\"color: #000000;\">\u201cEn el Per\u00fa actualmente hay casi medio mill\u00f3n de peruanos de entre 19 a 24 a\u00f1os que han desarrollado el h\u00e1bito de fumar. Pese a que no se cuenta con datos exactos del incremento del consumo de tabaco en j\u00f3venes, s\u00ed es claro que existe un preocupante acortamiento de la brecha del gusto y consumo de cigarrillos entre los j\u00f3venes, siendo en mujeres adolescentes alrededor del 17% frente al 22% de los varones\u201d, refiri\u00f3 el especialista de la UPCH.<\/span><\/p>\n<p><span style=\"color: #000000;\">Coment\u00f3 que en el Per\u00fa existe el Convenio Marco para el Control de Tabaco (CMCT) de la Organizaci\u00f3n Mundial de la Salud (OMS), con el cual se est\u00e1 teniendo \u00e9xito en el control del consumo de tabaco, tanto as\u00ed que durante los \u00faltimos 10 a\u00f1os la prevalencia de consumo de tabaco cay\u00f3 de 32% a 12%, sin embargo, estas cifras a\u00fan son insuficientes para lograr un buen control del consumo de esta sustancia.<\/span><\/p>\n<p><span style=\"color: #000000;\">Destac\u00f3 que casi el 80% de los m\u00e1s de mil millones de fumadores que hay en el mundo viven en pa\u00edses de ingresos bajos o medios. Asimismo, cada a\u00f1o mata a m\u00e1s de 7 millones de personas, de las cuales m\u00e1s de 6 millones son consumidores del producto y alrededor de 890,000 son no fumadores expuestos al humo de tabaco ajeno.<\/span><\/p>\n<p><span style=\"color: #000000;\">\u201cA corto plazo el consumo de tabaco provoca la disminuci\u00f3n de la funci\u00f3n pulmonar, tos, sensaci\u00f3n de ahogo y reducci\u00f3n de la condici\u00f3n f\u00edsica. En tanto, a largo periodo, genera enfermedades cardiovasculares, enfermedades cerebrovasculares, c\u00e1ncer de pulm\u00f3n, c\u00e1ncer de laringe, enfermedad pulmonar obstructiva cr\u00f3nica (EPOC), entre otras\u201d, mencion\u00f3 el doctor Jos\u00e9 Yachachin.<\/span><\/p>\n<p><span style=\"color: #000000;\">Agreg\u00f3 que el consumo tambi\u00e9n representa costos econ\u00f3micos directos a la sociedad, como el tratamiento de las enfermedades relacionadas con el tabaco, as\u00ed como costos indirectos, por ejemplo, los asociados con la disminuci\u00f3n de la productividad o la p\u00e9rdida de salarios por causa de muerte o enfermedad.<\/span><\/p>\n<p><strong><span style=\"color: #000000;\">Fumadores pasivos en peligro constante<\/span><\/strong><\/p>\n<p><img fetchpriority=\"high\" decoding=\"async\" class=\"aligncenter size-full wp-image-49815\" src=\"http:\/\/elinformanteperu.com\/wp-content\/uploads\/2019\/05\/fumar1.jpg\" alt=\"\" width=\"824\" height=\"472\" srcset=\"https:\/\/elinformanteperu.com\/wp-content\/uploads\/2019\/05\/fumar1.jpg 824w, https:\/\/elinformanteperu.com\/wp-content\/uploads\/2019\/05\/fumar1-300x172.jpg 300w, https:\/\/elinformanteperu.com\/wp-content\/uploads\/2019\/05\/fumar1-768x440.jpg 768w, https:\/\/elinformanteperu.com\/wp-content\/uploads\/2019\/05\/fumar1-128x73.jpg 128w, https:\/\/elinformanteperu.com\/wp-content\/uploads\/2019\/05\/fumar1-32x18.jpg 32w\" sizes=\"(max-width: 824px) 100vw, 824px\" \/><span style=\"color: #000000;\">El especialista de la UPCH resalt\u00f3 que el riesgo de padecer c\u00e1ncer de pulm\u00f3n es de un 20% a 50% m\u00e1s elevado en quienes conviven con personas fumadoras. Precis\u00f3 que la exposici\u00f3n al aire contaminado por el humo del tabaco implica un aumento de 30% de riesgo de padecer enfermedades cardiovasculares. \u201cSi se vive con alguien que consume una cajetilla diaria es como si t\u00fa fumaras tambi\u00e9n nueve cigarrillos\u201d, resalt\u00f3.<\/span><\/p>\n<p><span style=\"color: #000000;\">En gestantes el humo de tabaco est\u00e1 asociado a aborto espont\u00e1neo, embarazo ect\u00f3pico (que se desarrolla fuera del \u00fatero o matriz), siendo este mayor si existe incremento de la exposici\u00f3n. En adultos mayores, la exposici\u00f3n est\u00e1 asociada al s\u00edndrome de fragilidad, que hace que el paciente tenga riesgo incrementado de ca\u00eddas, discapacidad, dependencia que lleve a ingreso hospitalario.<\/span><\/p>\n<p><span style=\"color: #000000;\">Asimismo, los ni\u00f1os corren un mayor riesgo de tener problemas de salud como infecciones de o\u00eddo, sibilancias (dificultad para respirar), recuperaci\u00f3n tard\u00eda de resfr\u00edos, caries dental, neumon\u00eda, entre otros. Dentro de los problemas a largo plazo, estos son similares a lo de los adultos.<\/span><\/p>\n<p><span style=\"color: #000000;\">Por otro lado, indic\u00f3 que si el consumidor desea dejar el h\u00e1bito el tratamiento es multidisciplinario. \u201cLo primero que se deber\u00eda hacer es ver en qu\u00e9 fase de abandono del consumo de tabaco est\u00e1 el paciente, y de acuerdo a ello se realiza el manejo. Entre las estrategias por emplear figuran las psicol\u00f3gicas (asesoramiento, apoyo social y grupal, educaci\u00f3n), farmacoterapia, realizaci\u00f3n de ejercicio, e incluso, la utilidad de la acupuntura.<\/span><\/p>\n<p><strong><span style=\"color: #000000;\">Factor Excelencia<\/span><\/strong><\/p>\n<p><span style=\"color: #000000;\">El 6 de julio se realizar\u00e1 la evaluaci\u00f3n para postular a trav\u00e9s del \u201cFactor Excelencia\u201d a la Universidad Peruana Cayetano Heredia (UPCH). Esta modalidad est\u00e1 dirigida para escolares de quinto a\u00f1o de secundaria y egresados de 2018 con un promedio de 14 o m\u00e1s en cada a\u00f1o de estudios, o que hayan estado en el tercio superior del colegio de procedencia.<\/span><\/p>\n<p><img decoding=\"async\" class=\"aligncenter size-full wp-image-49817\" src=\"http:\/\/elinformanteperu.com\/wp-content\/uploads\/2019\/05\/fumar2.jpg\" alt=\"\" width=\"771\" height=\"512\" srcset=\"https:\/\/elinformanteperu.com\/wp-content\/uploads\/2019\/05\/fumar2.jpg 771w, https:\/\/elinformanteperu.com\/wp-content\/uploads\/2019\/05\/fumar2-300x199.jpg 300w, https:\/\/elinformanteperu.com\/wp-content\/uploads\/2019\/05\/fumar2-768x510.jpg 768w, https:\/\/elinformanteperu.com\/wp-content\/uploads\/2019\/05\/fumar2-128x85.jpg 128w, https:\/\/elinformanteperu.com\/wp-content\/uploads\/2019\/05\/fumar2-32x21.jpg 32w\" sizes=\"(max-width: 771px) 100vw, 771px\" \/><\/p>\n","protected":false},"excerpt":{"rendered":"<p>Riesgo de padecer c\u00e1ncer de pulm\u00f3n es de un 20% a 50% m\u00e1s elevado en quienes conviven con personas fumadoras. Exposici\u00f3n al aire contaminado por el humo del tabaco implica un aumento de 30% de riesgo de padecer enfermedades cardiovasculares. Lima, 27 Mayo 2019, (El Informante Per\u00fa).- El humo de tabaco es un gran problema [&hellip;]<\/p>\n","protected":false},"author":1,"featured_media":49814,"comment_status":"open","ping_status":"open","sticky":false,"template":"","format":"standard","meta":{"rop_custom_images_group":[],"rop_custom_messages_group":[],"rop_publish_now":"initial","rop_publish_now_accounts":[],"rop_publish_now_history":[],"rop_publish_now_status":"pending","footnotes":""},"categories":[10],"tags":[2174,1666],"class_list":["post-49813","post","type-post","status-publish","format-standard","has-post-thumbnail","hentry","category-actualidad-municipal","tag-inen","tag-universidad-peruana-cayetano-heredia"],"_links":{"self":[{"href":"https:\/\/elinformanteperu.com\/index.php\/wp-json\/wp\/v2\/posts\/49813","targetHints":{"allow":["GET"]}}],"collection":[{"href":"https:\/\/elinformanteperu.com\/index.php\/wp-json\/wp\/v2\/posts"}],"about":[{"href":"https:\/\/elinformanteperu.com\/index.php\/wp-json\/wp\/v2\/types\/post"}],"author":[{"embeddable":true,"href":"https:\/\/elinformanteperu.com\/index.php\/wp-json\/wp\/v2\/users\/1"}],"replies":[{"embeddable":true,"href":"https:\/\/elinformanteperu.com\/index.php\/wp-json\/wp\/v2\/comments?post=49813"}],"version-history":[{"count":1,"href":"https:\/\/elinformanteperu.com\/index.php\/wp-json\/wp\/v2\/posts\/49813\/revisions"}],"predecessor-version":[{"id":49818,"href":"https:\/\/elinformanteperu.com\/index.php\/wp-json\/wp\/v2\/posts\/49813\/revisions\/49818"}],"wp:featuredmedia":[{"embeddable":true,"href":"https:\/\/elinformanteperu.com\/index.php\/wp-json\/wp\/v2\/media\/49814"}],"wp:attachment":[{"href":"https:\/\/elinformanteperu.com\/index.php\/wp-json\/wp\/v2\/media?parent=49813"}],"wp:term":[{"taxonomy":"category","embeddable":true,"href":"https:\/\/elinformanteperu.com\/index.php\/wp-json\/wp\/v2\/categories?post=49813"},{"taxonomy":"post_tag","embeddable":true,"href":"https:\/\/elinformanteperu.com\/index.php\/wp-json\/wp\/v2\/tags?post=49813"}],"curies":[{"name":"wp","href":"https:\/\/api.w.org\/{rel}","templated":true}]}}