{"id":49804,"date":"2019-05-27T20:39:53","date_gmt":"2019-05-28T01:39:53","guid":{"rendered":"http:\/\/elinformanteperu.com\/?p=49804"},"modified":"2019-05-27T20:39:53","modified_gmt":"2019-05-28T01:39:53","slug":"la-voz-de-la-igualdad-pelicula-biografica-de-la-jueza-ruth-bader-ginsburg","status":"publish","type":"post","link":"https:\/\/elinformanteperu.com\/index.php\/2019\/05\/27\/la-voz-de-la-igualdad-pelicula-biografica-de-la-jueza-ruth-bader-ginsburg\/","title":{"rendered":"\u201cLa voz de la igualdad\u201d pel\u00edcula biogr\u00e1fica de la jueza Ruth Bader Ginsburg"},"content":{"rendered":"<p><strong><span style=\"color: #000000;\">La pel\u00edcula &#8216;La voz de la igualdad&#8217; se inspira en la historia de Ruth Bader Ginsburg, abogada de 85 a\u00f1os de edad, magistrada de la Corte Suprema de Estados Unidos.<\/span><\/strong><\/p>\n<p><span style=\"color: #000000;\"><strong>Lima, 27 Mayo 2019, (El Informante Per\u00fa).-<\/strong> La pel\u00edcula &#8216;La voz de la igualdad&#8217; se inspira en la historia de Ruth Bader Ginsburg, abogada de 85 a\u00f1os de edad, magistrada de la Corte Suprema de Estados Unidos y quien se ha convertido en una hero\u00edna popular por su lucha por la igualdad de g\u00e9nero, una vocaci\u00f3n que desarrolla basada en sus vivencias.<\/span><\/p>\n<p><span style=\"color: #000000;\">En el filme, dirigido por Mimi Leder, la protagonista es la actriz brit\u00e1nica Felicity Jones, quien tambi\u00e9n tuvo el papel principal de Rogue One: una historia de Star Wars.<\/span><\/p>\n<p><span style=\"color: #000000;\">De la vida de Ruth Bader destaca lo que experiment\u00f3 cuando estaba embarazada. Seg\u00fan una publicaci\u00f3n de BBC, fue descendida en su trabajo en una oficina de seguridad social, la discriminaci\u00f3n contra las mujeres embarazadas a\u00fan era legal en la d\u00e9cada del cincuenta, esa experiencia la llev\u00f3 a ocultar su segundo embarazo a\u00f1os m\u00e1s tarde.<\/span><\/p>\n<p><img fetchpriority=\"high\" decoding=\"async\" class=\"aligncenter  wp-image-49806\" src=\"http:\/\/elinformanteperu.com\/wp-content\/uploads\/2019\/05\/La-voz-de-la-igualdad-afiche1.jpg\" alt=\"\" width=\"348\" height=\"500\" srcset=\"https:\/\/elinformanteperu.com\/wp-content\/uploads\/2019\/05\/La-voz-de-la-igualdad-afiche1.jpg 363w, https:\/\/elinformanteperu.com\/wp-content\/uploads\/2019\/05\/La-voz-de-la-igualdad-afiche1-209x300.jpg 209w, https:\/\/elinformanteperu.com\/wp-content\/uploads\/2019\/05\/La-voz-de-la-igualdad-afiche1-89x128.jpg 89w, https:\/\/elinformanteperu.com\/wp-content\/uploads\/2019\/05\/La-voz-de-la-igualdad-afiche1-22x32.jpg 22w\" sizes=\"(max-width: 348px) 100vw, 348px\" \/><span style=\"color: #000000;\">En la pel\u00edcula, adem\u00e1s, se muestra la \u00e9poca que comparti\u00f3 con su esposo, tambi\u00e9n abogado, Marty Ginsburg, fallecido en 2010, y quien mostr\u00f3 en el hogar que hombres y mujeres son iguales y se pueden hacer cargo de sus hijos y de tareas cuando sea necesario.<\/span><\/p>\n<p><span style=\"color: #000000;\">En 1993, nominada por el expresidente estadounidense Bill Clinton, se convirti\u00f3 en la segunda mujer de la historia en ocupar un puesto en el Supremo de Estados Unidos.<\/span><\/p>\n<p><span style=\"color: #000000;\">Es la primera vez que su historia es llevada al cine convirti\u00e9ndose en un merecido homenaje en vida para la jurista. &#8216;La voz de la igualdad&#8217; estar\u00e1 en nuestra cartelera desde este jueves 30 de mayo.<\/span><\/p>\n<p>https:\/\/youtu.be\/FbC_aIrgaF0<\/p>\n","protected":false},"excerpt":{"rendered":"<p>La pel\u00edcula &#8216;La voz de la igualdad&#8217; se inspira en la historia de Ruth Bader Ginsburg, abogada de 85 a\u00f1os de edad, magistrada de la Corte Suprema de Estados Unidos. Lima, 27 Mayo 2019, (El Informante Per\u00fa).- La pel\u00edcula &#8216;La voz de la igualdad&#8217; se inspira en la historia de Ruth Bader Ginsburg, abogada de [&hellip;]<\/p>\n","protected":false},"author":1,"featured_media":49805,"comment_status":"open","ping_status":"open","sticky":false,"template":"","format":"standard","meta":{"rop_custom_images_group":[],"rop_custom_messages_group":[],"rop_publish_now":"initial","rop_publish_now_accounts":[],"rop_publish_now_history":[],"rop_publish_now_status":"pending","footnotes":""},"categories":[7],"tags":[488,4450,4449],"class_list":["post-49804","post","type-post","status-publish","format-standard","has-post-thumbnail","hentry","category-butaca","tag-cine","tag-felicity-jones","tag-la-voz-de-la-igualdad"],"_links":{"self":[{"href":"https:\/\/elinformanteperu.com\/index.php\/wp-json\/wp\/v2\/posts\/49804","targetHints":{"allow":["GET"]}}],"collection":[{"href":"https:\/\/elinformanteperu.com\/index.php\/wp-json\/wp\/v2\/posts"}],"about":[{"href":"https:\/\/elinformanteperu.com\/index.php\/wp-json\/wp\/v2\/types\/post"}],"author":[{"embeddable":true,"href":"https:\/\/elinformanteperu.com\/index.php\/wp-json\/wp\/v2\/users\/1"}],"replies":[{"embeddable":true,"href":"https:\/\/elinformanteperu.com\/index.php\/wp-json\/wp\/v2\/comments?post=49804"}],"version-history":[{"count":1,"href":"https:\/\/elinformanteperu.com\/index.php\/wp-json\/wp\/v2\/posts\/49804\/revisions"}],"predecessor-version":[{"id":49807,"href":"https:\/\/elinformanteperu.com\/index.php\/wp-json\/wp\/v2\/posts\/49804\/revisions\/49807"}],"wp:featuredmedia":[{"embeddable":true,"href":"https:\/\/elinformanteperu.com\/index.php\/wp-json\/wp\/v2\/media\/49805"}],"wp:attachment":[{"href":"https:\/\/elinformanteperu.com\/index.php\/wp-json\/wp\/v2\/media?parent=49804"}],"wp:term":[{"taxonomy":"category","embeddable":true,"href":"https:\/\/elinformanteperu.com\/index.php\/wp-json\/wp\/v2\/categories?post=49804"},{"taxonomy":"post_tag","embeddable":true,"href":"https:\/\/elinformanteperu.com\/index.php\/wp-json\/wp\/v2\/tags?post=49804"}],"curies":[{"name":"wp","href":"https:\/\/api.w.org\/{rel}","templated":true}]}}