{"id":49802,"date":"2019-05-27T20:26:42","date_gmt":"2019-05-28T01:26:42","guid":{"rendered":"http:\/\/elinformanteperu.com\/?p=49802"},"modified":"2019-05-27T20:26:42","modified_gmt":"2019-05-28T01:26:42","slug":"filme-brasileno-gana-premio-del-jurado-en-festival-de-cannes","status":"publish","type":"post","link":"https:\/\/elinformanteperu.com\/index.php\/2019\/05\/27\/filme-brasileno-gana-premio-del-jurado-en-festival-de-cannes\/","title":{"rendered":"Filme brasile\u00f1o gana Premio del Jurado en Festival de Cannes"},"content":{"rendered":"<p><span style=\"color: #000000;\"><strong>El filme Bacurau, de los realizadores brasile\u00f1os Kleber Mendonca Filho y Juliano Dornelles, gan\u00f3 el Premio del Jurado en el Festival de Cine de Cannes.<\/strong><\/span><\/p>\n<p><span style=\"color: #000000;\"><strong>Par\u00eds, 27 Mayo 2019, (Prensa Latina).-<\/strong> El filme Bacurau, de los realizadores brasile\u00f1os Kleber Mendonca Filho y Juliano Dornelles, gan\u00f3 el Premio del Jurado en el Festival de Cine de Cannes, que entreg\u00f3 su principal galard\u00f3n, la Palma de oro, a la cinta surcoreana Parasite.<\/span><\/p>\n<p><span style=\"color: #000000;\">Los dos directores brasile\u00f1os recogieron el reconocimiento y lo dedicaron a su pa\u00eds, as\u00ed como a todos los trabajadores de la ciencia, la educaci\u00f3n y la cultura.<\/span><\/p>\n<p><span style=\"color: #000000;\">Este lauro fue entregado &#8216;ex aequo&#8217; para la pel\u00edcula del pa\u00eds suramericano, y tambi\u00e9n para Los miserables, del franc\u00e9s Ladj Ly.<\/span><\/p>\n<p><iframe title=\"BACURAU | Teaser Oficial\" width=\"615\" height=\"346\" src=\"https:\/\/www.youtube.com\/embed\/gNElTRseFzo?feature=oembed\" frameborder=\"0\" allow=\"accelerometer; autoplay; clipboard-write; encrypted-media; gyroscope; picture-in-picture; web-share\" referrerpolicy=\"strict-origin-when-cross-origin\" allowfullscreen><\/iframe><\/p>\n<p><span style=\"color: #000000;\">En su ceremonia de clausura, la edici\u00f3n 72 del Festival otorg\u00f3 su Palma de oro a la cinta surcoreana Parasite, de Bong Joon-Ho.<\/span><\/p>\n<p><span style=\"color: #000000;\">El presidente del jurado, Alejandro Gonz\u00e1lez I\u00f1\u00e1rritu, declar\u00f3 que la decisi\u00f3n fue &#8216;totalmente democr\u00e1tica&#8217;, tomada en conjunto y de forma un\u00e1nime por todos los integrantes del equipo.<\/span><\/p>\n<p><span style=\"color: #000000;\">Uno de los premios m\u00e1s celebrados de la noche fue el de mejor actor para Antonio Banderas por su rol en Dolor y gloria, del cineasta espa\u00f1ol Pedro Almod\u00f3var.<\/span><\/p>\n<p><span style=\"color: #000000;\">Al recoger el galard\u00f3n, lo dedic\u00f3 a Almod\u00f3var, a quien calific\u00f3 como &#8216;mi mentor&#8217;.<\/span><\/p>\n<p><span style=\"color: #000000;\">Por otro lado, la mejor actuaci\u00f3n femenina fue para la brit\u00e1nica Emily Beecham, por Little Joe, mientras la mejor direcci\u00f3n fue para los hermanos belgas Jean-Pierre y Luc Dardenne, por el largometraje Le jeune Ahmed.<\/span><\/p>\n<p><span style=\"color: #000000;\">En este apartado, se otorg\u00f3 una menci\u00f3n especial para el palestino Elia Suleiman por It Must Be Heaven.<\/span><\/p>\n<p><span style=\"color: #000000;\">El Gran Premio del Jurado fue para Atlantiqu&#8217;, \u00f3pera prima de la senegalesa Mati Diop, primera mujer negra en competir en la secci\u00f3n oficial de Cannes.<\/span><\/p>\n<p><span style=\"color: #000000;\">El evento cinematogr\u00e1fico, uno de los m\u00e1s prestigiosos en el mundo, comenz\u00f3 el 14 de mayo y termin\u00f3 el pasado s\u00e1bado 25.<\/span><\/p>\n<p><iframe title=\"Trailer de Par\u00e1sitos (Parasite) subtitulado en espa\u00f1ol (HD)\" width=\"615\" height=\"346\" src=\"https:\/\/www.youtube.com\/embed\/Kr9vLVlkIG4?feature=oembed\" frameborder=\"0\" allow=\"accelerometer; autoplay; clipboard-write; encrypted-media; gyroscope; picture-in-picture; web-share\" referrerpolicy=\"strict-origin-when-cross-origin\" allowfullscreen><\/iframe><\/p>\n","protected":false},"excerpt":{"rendered":"<p>El filme Bacurau, de los realizadores brasile\u00f1os Kleber Mendonca Filho y Juliano Dornelles, gan\u00f3 el Premio del Jurado en el Festival de Cine de Cannes. Par\u00eds, 27 Mayo 2019, (Prensa Latina).- El filme Bacurau, de los realizadores brasile\u00f1os Kleber Mendonca Filho y Juliano Dornelles, gan\u00f3 el Premio del Jurado en el Festival de Cine de [&hellip;]<\/p>\n","protected":false},"author":1,"featured_media":10668,"comment_status":"open","ping_status":"open","sticky":false,"template":"","format":"standard","meta":{"rop_custom_images_group":[],"rop_custom_messages_group":[],"rop_publish_now":"initial","rop_publish_now_accounts":[],"rop_publish_now_history":[],"rop_publish_now_status":"pending","footnotes":""},"categories":[7],"tags":[4241],"class_list":["post-49802","post","type-post","status-publish","format-standard","has-post-thumbnail","hentry","category-butaca","tag-cannes-2019"],"_links":{"self":[{"href":"https:\/\/elinformanteperu.com\/index.php\/wp-json\/wp\/v2\/posts\/49802","targetHints":{"allow":["GET"]}}],"collection":[{"href":"https:\/\/elinformanteperu.com\/index.php\/wp-json\/wp\/v2\/posts"}],"about":[{"href":"https:\/\/elinformanteperu.com\/index.php\/wp-json\/wp\/v2\/types\/post"}],"author":[{"embeddable":true,"href":"https:\/\/elinformanteperu.com\/index.php\/wp-json\/wp\/v2\/users\/1"}],"replies":[{"embeddable":true,"href":"https:\/\/elinformanteperu.com\/index.php\/wp-json\/wp\/v2\/comments?post=49802"}],"version-history":[{"count":1,"href":"https:\/\/elinformanteperu.com\/index.php\/wp-json\/wp\/v2\/posts\/49802\/revisions"}],"predecessor-version":[{"id":49803,"href":"https:\/\/elinformanteperu.com\/index.php\/wp-json\/wp\/v2\/posts\/49802\/revisions\/49803"}],"wp:featuredmedia":[{"embeddable":true,"href":"https:\/\/elinformanteperu.com\/index.php\/wp-json\/wp\/v2\/media\/10668"}],"wp:attachment":[{"href":"https:\/\/elinformanteperu.com\/index.php\/wp-json\/wp\/v2\/media?parent=49802"}],"wp:term":[{"taxonomy":"category","embeddable":true,"href":"https:\/\/elinformanteperu.com\/index.php\/wp-json\/wp\/v2\/categories?post=49802"},{"taxonomy":"post_tag","embeddable":true,"href":"https:\/\/elinformanteperu.com\/index.php\/wp-json\/wp\/v2\/tags?post=49802"}],"curies":[{"name":"wp","href":"https:\/\/api.w.org\/{rel}","templated":true}]}}