{"id":49799,"date":"2019-05-27T20:16:32","date_gmt":"2019-05-28T01:16:32","guid":{"rendered":"http:\/\/elinformanteperu.com\/?p=49799"},"modified":"2019-05-27T20:16:32","modified_gmt":"2019-05-28T01:16:32","slug":"cinta-chilena-gana-premio-al-mejor-documental-en-festival-de-cannes","status":"publish","type":"post","link":"https:\/\/elinformanteperu.com\/index.php\/2019\/05\/27\/cinta-chilena-gana-premio-al-mejor-documental-en-festival-de-cannes\/","title":{"rendered":"Cinta chilena gana premio al mejor documental en Festival de Cannes"},"content":{"rendered":"<p><strong><span style=\"color: #000000;\">El filme chileno La cordillera de los sue\u00f1os, de Patricio Guzm\u00e1n, se alz\u00f3 con el premio al mejor documental en el Festival de Cine de Cannes.<\/span><\/strong><\/p>\n<p><span style=\"color: #000000;\"><strong>Par\u00eds, 27 Mayo 2019, (Prensa Latina).-<\/strong> El filme chileno La cordillera de los sue\u00f1os, de Patricio Guzm\u00e1n, se alz\u00f3 con el premio al mejor documental en el Festival de Cine de Cannes, recibido ex aqueo con la cinta siria Para Sama.<\/span><\/p>\n<p><span style=\"color: #000000;\">En el \u00faltimo d\u00eda del prestigioso evento realizado en esa ciudad del sur de Francia, el jurado del apartado de documentales anunci\u00f3 los ganadores e indic\u00f3 que &#8216;los dos filmes que hemos premiado hablan de amor, de exilio, de resistencia y de la alegr\u00eda de desobedecer juntos&#8217;.<\/span><\/p>\n<p><span style=\"color: #000000;\">En La cordillera de los sue\u00f1os, el chileno Patricio Guzm\u00e1n, utiliza los Andes para adentrarse en la historia reciente del pa\u00eds y en sus recuerdos de infancia, y contar episodios como el golpe de Estado de 1973 llevado a cabo por Augusto Pinochet, as\u00ed como la represi\u00f3n durante la dictadura.<\/span><\/p>\n<p><span style=\"color: #000000;\">El material cierra la trilog\u00eda de Nostalgia de la luz (2010,) El bot\u00f3n de n\u00e1car (2015), de un realizador que pese a vivir en exilio desde aquellos a\u00f1os, ha dedicado su obra a su pa\u00eds.<\/span><\/p>\n<p><img fetchpriority=\"high\" decoding=\"async\" class=\"aligncenter  wp-image-49800\" src=\"http:\/\/elinformanteperu.com\/wp-content\/uploads\/2019\/05\/la-cordillera-de-los-sue\u00f1os-documental-patricio-guzman.jpg\" alt=\"\" width=\"425\" height=\"437\" srcset=\"https:\/\/elinformanteperu.com\/wp-content\/uploads\/2019\/05\/la-cordillera-de-los-sue\u00f1os-documental-patricio-guzman.jpg 477w, https:\/\/elinformanteperu.com\/wp-content\/uploads\/2019\/05\/la-cordillera-de-los-sue\u00f1os-documental-patricio-guzman-291x300.jpg 291w, https:\/\/elinformanteperu.com\/wp-content\/uploads\/2019\/05\/la-cordillera-de-los-sue\u00f1os-documental-patricio-guzman-124x128.jpg 124w, https:\/\/elinformanteperu.com\/wp-content\/uploads\/2019\/05\/la-cordillera-de-los-sue\u00f1os-documental-patricio-guzman-32x32.jpg 32w, https:\/\/elinformanteperu.com\/wp-content\/uploads\/2019\/05\/la-cordillera-de-los-sue\u00f1os-documental-patricio-guzman-50x50.jpg 50w\" sizes=\"(max-width: 425px) 100vw, 425px\" \/><\/p>\n<p><span style=\"color: #000000;\">Al recibir el galard\u00f3n, Guzm\u00e1n mostr\u00f3 su alegr\u00eda por el reconocimiento, y tambi\u00e9n por compartirlo con la joven cineasta siria Waad al Kateab.<\/span><\/p>\n<p><span style=\"color: #000000;\">Con Para Sama, la realizadora busca explicarle a su hija nacida durante la guerra en Siria, la dif\u00edcil elecci\u00f3n de permanecer en el pa\u00eds en el periodo m\u00e1s sangriento del conflicto, y para ello filma escenas impresionantes en la ciudad de Alepo.<\/span><\/p>\n<p><span style=\"color: #000000;\">El cine latinoamericano tambi\u00e9n result\u00f3 premiado en Cannes con la pel\u00edcula Nuestras madres, del guatemalteco C\u00e9sar D\u00edaz, quien obtuvo el premio de la Sociedad de Autores y Compositores Dram\u00e1ticos (SACD) de la Semana de la Cr\u00edtica, una secci\u00f3n paralela.<\/span><\/p>\n<p><span style=\"color: #000000;\">La pel\u00edcula de ficci\u00f3n busca visibilizar el conflicto de las masacres contra la poblaci\u00f3n maya, y para ello cuenta la historia de un joven investigador que trata de identificar las v\u00edctimas enterradas en fosas comunes durante la guerra ocurrida en esa naci\u00f3n centroamericana de 1960 a 1996.<\/span><\/p>\n<p><span style=\"color: #000000;\">Este filme &#8216;surge de la necesidad de hablar de la historia guatemalteca, porque es una historia desconocida. Se ha hablado mucho de las dictaduras chilenas, argentinas&#8230; pero la dictadura guatemalteca no la conocemos&#8217;, argument\u00f3 recientemente.<\/span><\/p>\n<p><iframe title=\"THE CORDILLERA OF DREAMS by Patricio Guzm\u00e1n | Clip | GeoMovies\" width=\"615\" height=\"346\" src=\"https:\/\/www.youtube.com\/embed\/mOU2ZArmLRQ?feature=oembed\" frameborder=\"0\" allow=\"accelerometer; autoplay; clipboard-write; encrypted-media; gyroscope; picture-in-picture; web-share\" referrerpolicy=\"strict-origin-when-cross-origin\" allowfullscreen><\/iframe><\/p>\n","protected":false},"excerpt":{"rendered":"<p>El filme chileno La cordillera de los sue\u00f1os, de Patricio Guzm\u00e1n, se alz\u00f3 con el premio al mejor documental en el Festival de Cine de Cannes. Par\u00eds, 27 Mayo 2019, (Prensa Latina).- El filme chileno La cordillera de los sue\u00f1os, de Patricio Guzm\u00e1n, se alz\u00f3 con el premio al mejor documental en el Festival de [&hellip;]<\/p>\n","protected":false},"author":1,"featured_media":48302,"comment_status":"open","ping_status":"open","sticky":false,"template":"","format":"standard","meta":{"rop_custom_images_group":[],"rop_custom_messages_group":[],"rop_publish_now":"initial","rop_publish_now_accounts":[],"rop_publish_now_history":[],"rop_publish_now_status":"pending","footnotes":""},"categories":[7],"tags":[4241,4375],"class_list":["post-49799","post","type-post","status-publish","format-standard","has-post-thumbnail","hentry","category-butaca","tag-cannes-2019","tag-patricio-guzman"],"_links":{"self":[{"href":"https:\/\/elinformanteperu.com\/index.php\/wp-json\/wp\/v2\/posts\/49799","targetHints":{"allow":["GET"]}}],"collection":[{"href":"https:\/\/elinformanteperu.com\/index.php\/wp-json\/wp\/v2\/posts"}],"about":[{"href":"https:\/\/elinformanteperu.com\/index.php\/wp-json\/wp\/v2\/types\/post"}],"author":[{"embeddable":true,"href":"https:\/\/elinformanteperu.com\/index.php\/wp-json\/wp\/v2\/users\/1"}],"replies":[{"embeddable":true,"href":"https:\/\/elinformanteperu.com\/index.php\/wp-json\/wp\/v2\/comments?post=49799"}],"version-history":[{"count":1,"href":"https:\/\/elinformanteperu.com\/index.php\/wp-json\/wp\/v2\/posts\/49799\/revisions"}],"predecessor-version":[{"id":49801,"href":"https:\/\/elinformanteperu.com\/index.php\/wp-json\/wp\/v2\/posts\/49799\/revisions\/49801"}],"wp:featuredmedia":[{"embeddable":true,"href":"https:\/\/elinformanteperu.com\/index.php\/wp-json\/wp\/v2\/media\/48302"}],"wp:attachment":[{"href":"https:\/\/elinformanteperu.com\/index.php\/wp-json\/wp\/v2\/media?parent=49799"}],"wp:term":[{"taxonomy":"category","embeddable":true,"href":"https:\/\/elinformanteperu.com\/index.php\/wp-json\/wp\/v2\/categories?post=49799"},{"taxonomy":"post_tag","embeddable":true,"href":"https:\/\/elinformanteperu.com\/index.php\/wp-json\/wp\/v2\/tags?post=49799"}],"curies":[{"name":"wp","href":"https:\/\/api.w.org\/{rel}","templated":true}]}}