{"id":49792,"date":"2019-05-27T00:14:42","date_gmt":"2019-05-27T05:14:42","guid":{"rendered":"http:\/\/elinformanteperu.com\/?p=49792"},"modified":"2019-05-27T00:15:37","modified_gmt":"2019-05-27T05:15:37","slug":"alianza-lima-confirmo-que-pablo-bengoechea-retornara-al-comando-tecnico","status":"publish","type":"post","link":"https:\/\/elinformanteperu.com\/index.php\/2019\/05\/27\/alianza-lima-confirmo-que-pablo-bengoechea-retornara-al-comando-tecnico\/","title":{"rendered":"Alianza Lima confirm\u00f3 que Pablo Bengoechea retornar\u00e1 al comando t\u00e9cnico"},"content":{"rendered":"<p><strong><span style=\"color: #000000;\">El club Alianza Lima confirm\u00f3 el retorno de Pablo Bengoechea al banquillo del primer equipo luego de cinco meses de alejamiento.<\/span><\/strong><\/p>\n<p><span style=\"color: #000000;\"><strong>Lima, 26 Mayo 2019, (ANDINA).-<\/strong> El club Alianza Lima confirm\u00f3 el retorno de Pablo Bengoechea al banquillo del primer equipo luego de cinco meses de alejamiento.<\/span><\/p>\n<p><span style=\"color: #000000;\">A trav\u00e9s de sus redes sociales, el club victoriano dio la bienvenida y Bengoechea y destac\u00f3 que bajo su conducci\u00f3n lograron el campeonato nacional el 2017 y el subcampeonato del 2018.<\/span><\/p>\n<p><span style=\"color: #000000;\">Luego de caer ante Sporting Cristal en la final del a\u00f1o pasado, Bengoechea anunci\u00f3 su salida de Alianza Lima por temas personales.<\/span><\/p>\n<p><span style=\"color: #000000;\">Tras la salida de Bengoechea asumi\u00f3 la direcci\u00f3n del equipo el argentino Miguel \u00c1ngel Russo quien -no obstante su destacado palmar\u00e9s, que inclu\u00eda haber conquistado la Copa Libertadores el a\u00f1o 2007 con Boca JUniors- no logr\u00f3 obtener buenos resultados, por lo cual debi\u00f3 alejarse del cargo.<\/span><\/p>\n<p><span style=\"color: #000000;\">Hasta la llegada de Bengoechea continuar\u00e1 como entrenador interino V\u00edctor Reyes, quien asumi\u00f3 el cargo tras la salida de Russo.<\/span><\/p>\n<p><img fetchpriority=\"high\" decoding=\"async\" class=\"aligncenter size-full wp-image-24855\" src=\"http:\/\/elinformanteperu.com\/wp-content\/uploads\/2018\/04\/bengoechea-alianza.jpg\" alt=\"\" width=\"1800\" height=\"1298\" srcset=\"https:\/\/elinformanteperu.com\/wp-content\/uploads\/2018\/04\/bengoechea-alianza.jpg 1800w, https:\/\/elinformanteperu.com\/wp-content\/uploads\/2018\/04\/bengoechea-alianza-300x216.jpg 300w, https:\/\/elinformanteperu.com\/wp-content\/uploads\/2018\/04\/bengoechea-alianza-768x554.jpg 768w, https:\/\/elinformanteperu.com\/wp-content\/uploads\/2018\/04\/bengoechea-alianza-1024x738.jpg 1024w, https:\/\/elinformanteperu.com\/wp-content\/uploads\/2018\/04\/bengoechea-alianza-128x92.jpg 128w, https:\/\/elinformanteperu.com\/wp-content\/uploads\/2018\/04\/bengoechea-alianza-32x23.jpg 32w\" sizes=\"(max-width: 1800px) 100vw, 1800px\" \/><\/p>\n","protected":false},"excerpt":{"rendered":"<p>El club Alianza Lima confirm\u00f3 el retorno de Pablo Bengoechea al banquillo del primer equipo luego de cinco meses de alejamiento. Lima, 26 Mayo 2019, (ANDINA).- El club Alianza Lima confirm\u00f3 el retorno de Pablo Bengoechea al banquillo del primer equipo luego de cinco meses de alejamiento. A trav\u00e9s de sus redes sociales, el club [&hellip;]<\/p>\n","protected":false},"author":1,"featured_media":1114,"comment_status":"open","ping_status":"open","sticky":false,"template":"","format":"standard","meta":{"rop_custom_images_group":[],"rop_custom_messages_group":[],"rop_publish_now":"initial","rop_publish_now_accounts":[],"rop_publish_now_history":[],"rop_publish_now_status":"pending","footnotes":""},"categories":[8],"tags":[91,712],"class_list":["post-49792","post","type-post","status-publish","format-standard","has-post-thumbnail","hentry","category-disciplinas-deportivas","tag-alianza-lima","tag-pablo-bengoechea"],"_links":{"self":[{"href":"https:\/\/elinformanteperu.com\/index.php\/wp-json\/wp\/v2\/posts\/49792","targetHints":{"allow":["GET"]}}],"collection":[{"href":"https:\/\/elinformanteperu.com\/index.php\/wp-json\/wp\/v2\/posts"}],"about":[{"href":"https:\/\/elinformanteperu.com\/index.php\/wp-json\/wp\/v2\/types\/post"}],"author":[{"embeddable":true,"href":"https:\/\/elinformanteperu.com\/index.php\/wp-json\/wp\/v2\/users\/1"}],"replies":[{"embeddable":true,"href":"https:\/\/elinformanteperu.com\/index.php\/wp-json\/wp\/v2\/comments?post=49792"}],"version-history":[{"count":1,"href":"https:\/\/elinformanteperu.com\/index.php\/wp-json\/wp\/v2\/posts\/49792\/revisions"}],"predecessor-version":[{"id":49793,"href":"https:\/\/elinformanteperu.com\/index.php\/wp-json\/wp\/v2\/posts\/49792\/revisions\/49793"}],"wp:featuredmedia":[{"embeddable":true,"href":"https:\/\/elinformanteperu.com\/index.php\/wp-json\/wp\/v2\/media\/1114"}],"wp:attachment":[{"href":"https:\/\/elinformanteperu.com\/index.php\/wp-json\/wp\/v2\/media?parent=49792"}],"wp:term":[{"taxonomy":"category","embeddable":true,"href":"https:\/\/elinformanteperu.com\/index.php\/wp-json\/wp\/v2\/categories?post=49792"},{"taxonomy":"post_tag","embeddable":true,"href":"https:\/\/elinformanteperu.com\/index.php\/wp-json\/wp\/v2\/tags?post=49792"}],"curies":[{"name":"wp","href":"https:\/\/api.w.org\/{rel}","templated":true}]}}