{"id":49785,"date":"2019-05-26T23:42:02","date_gmt":"2019-05-27T04:42:02","guid":{"rendered":"http:\/\/elinformanteperu.com\/?p=49785"},"modified":"2019-05-27T00:07:01","modified_gmt":"2019-05-27T05:07:01","slug":"galarreta-gestiono-70-nombramientos-en-ultimo-dia-de-gestion-en-mesa-directiva","status":"publish","type":"post","link":"https:\/\/elinformanteperu.com\/index.php\/2019\/05\/26\/galarreta-gestiono-70-nombramientos-en-ultimo-dia-de-gestion-en-mesa-directiva\/","title":{"rendered":"Galarreta gestion\u00f3 70 nombramientos en \u00faltimo d\u00eda de gesti\u00f3n en Mesa Directiva"},"content":{"rendered":"<p><strong><span style=\"color: #000000;\">En su \u00faltimo d\u00eda de gesti\u00f3n, la Mesa Directiva del Congreso presidida por Luis Galarreta tramit\u00f3 70 nombramientos de personal por plazo indeterminado.<\/span><\/strong><\/p>\n<p><span style=\"color: #000000;\"><strong>Lima, 26 Mayo 2019, (ANDINA).-<\/strong> En su \u00faltimo d\u00eda de gesti\u00f3n, la Mesa Directiva del Congreso presidida por Luis Galarreta tramit\u00f3 70 nombramientos de personal por plazo indeterminado que inclu\u00edan a excandidatos y militantes de Fuerza Popular y afiliados al Partido Aprista Peruano.<\/span><\/p>\n<p><span style=\"color: #000000;\">El hecho fue dado a conocer por el programa Punto Final que public\u00f3 el acuerdo de la Mesa Directiva 248-2017-2018 firmado el 24 de julio del 2018, \u00faltimo d\u00eda de la Mesa Directiva presida por Galarreta e integrada por los legisladores Mario Mantilla (Fuerza Popular), Mauricio Mulder (Apra) y Richard Acu\u00f1a (APP).<\/span><\/p>\n<p><span style=\"color: #000000;\">Dichos nombramientos fueron aprobados el 24 de julio por el Departamento de Recursos Humanos y la Oficina de Asesor\u00eda Jur\u00eddica del Congreso dio el visto bueno en esa misma fecha.<\/span><\/p>\n<p><span style=\"color: #000000;\">Entre los beneficiados figuran expostulantes a cargos p\u00fablicos con el fujimorismo como la excandidata al Congreso por Alianza para el Futuro el 2011, Mar\u00eda P\u00e9rez Villasante; Carmen Guevara Badillo, postulante por Fuerza 2011 al Parlamento Andino, e Irma Paucar\u00e1, hermana de la exsecretaria de Keiko Fujimori, Carmela Paucar\u00e1.<\/span><\/p>\n<p><span style=\"color: #000000;\">Tambi\u00e9n se nombraron a afiliados al Apra como Evelyn Orc\u00f3n Huam\u00e1n, Nelson Manayay Cabrera y Miguel Guevara Trelles.<\/span><\/p>\n<p><span style=\"color: #000000;\">Consultado por Punto Final, Galarreta dijo que los nombramientos fueron instrumentos de gesti\u00f3n producto de una consultor\u00eda.<\/span><\/p>\n<p><span style=\"color: #000000;\">Cabe indicar que, en agosto del 2018, la Mesa Directiva presidida por Salaverry acord\u00f3 suspender el cuadro de asignaci\u00f3n de personal aprobada por la gesti\u00f3n de Galarreta.<\/span><\/p>\n<p><iframe title=\"Mesa Directiva de Luis Galarreta facilit\u00f3 70 nombramientos en su \u00faltimo d\u00eda de gesti\u00f3n | Punto Final\" width=\"615\" height=\"346\" src=\"https:\/\/www.youtube.com\/embed\/C4Nuva5qMdM?feature=oembed\" frameborder=\"0\" allow=\"accelerometer; autoplay; clipboard-write; encrypted-media; gyroscope; picture-in-picture; web-share\" referrerpolicy=\"strict-origin-when-cross-origin\" allowfullscreen><\/iframe><\/p>\n","protected":false},"excerpt":{"rendered":"<p>En su \u00faltimo d\u00eda de gesti\u00f3n, la Mesa Directiva del Congreso presidida por Luis Galarreta tramit\u00f3 70 nombramientos de personal por plazo indeterminado. Lima, 26 Mayo 2019, (ANDINA).- En su \u00faltimo d\u00eda de gesti\u00f3n, la Mesa Directiva del Congreso presidida por Luis Galarreta tramit\u00f3 70 nombramientos de personal por plazo indeterminado que inclu\u00edan a excandidatos [&hellip;]<\/p>\n","protected":false},"author":1,"featured_media":49786,"comment_status":"open","ping_status":"open","sticky":false,"template":"","format":"standard","meta":{"rop_custom_images_group":[],"rop_custom_messages_group":[],"rop_publish_now":"initial","rop_publish_now_accounts":[],"rop_publish_now_history":[],"rop_publish_now_status":"pending","footnotes":""},"categories":[5],"tags":[192,382],"class_list":["post-49785","post","type-post","status-publish","format-standard","has-post-thumbnail","hentry","category-actualidad-informativa","tag-congreso","tag-luis-galarreta"],"_links":{"self":[{"href":"https:\/\/elinformanteperu.com\/index.php\/wp-json\/wp\/v2\/posts\/49785","targetHints":{"allow":["GET"]}}],"collection":[{"href":"https:\/\/elinformanteperu.com\/index.php\/wp-json\/wp\/v2\/posts"}],"about":[{"href":"https:\/\/elinformanteperu.com\/index.php\/wp-json\/wp\/v2\/types\/post"}],"author":[{"embeddable":true,"href":"https:\/\/elinformanteperu.com\/index.php\/wp-json\/wp\/v2\/users\/1"}],"replies":[{"embeddable":true,"href":"https:\/\/elinformanteperu.com\/index.php\/wp-json\/wp\/v2\/comments?post=49785"}],"version-history":[{"count":2,"href":"https:\/\/elinformanteperu.com\/index.php\/wp-json\/wp\/v2\/posts\/49785\/revisions"}],"predecessor-version":[{"id":49788,"href":"https:\/\/elinformanteperu.com\/index.php\/wp-json\/wp\/v2\/posts\/49785\/revisions\/49788"}],"wp:featuredmedia":[{"embeddable":true,"href":"https:\/\/elinformanteperu.com\/index.php\/wp-json\/wp\/v2\/media\/49786"}],"wp:attachment":[{"href":"https:\/\/elinformanteperu.com\/index.php\/wp-json\/wp\/v2\/media?parent=49785"}],"wp:term":[{"taxonomy":"category","embeddable":true,"href":"https:\/\/elinformanteperu.com\/index.php\/wp-json\/wp\/v2\/categories?post=49785"},{"taxonomy":"post_tag","embeddable":true,"href":"https:\/\/elinformanteperu.com\/index.php\/wp-json\/wp\/v2\/tags?post=49785"}],"curies":[{"name":"wp","href":"https:\/\/api.w.org\/{rel}","templated":true}]}}