{"id":49781,"date":"2019-05-26T23:40:01","date_gmt":"2019-05-27T04:40:01","guid":{"rendered":"http:\/\/elinformanteperu.com\/?p=49781"},"modified":"2019-05-26T23:40:01","modified_gmt":"2019-05-27T04:40:01","slug":"vizcarra-estado-ha-mejorado-su-capacidad-de-respuesta-frente-a-emergencias","status":"publish","type":"post","link":"https:\/\/elinformanteperu.com\/index.php\/2019\/05\/26\/vizcarra-estado-ha-mejorado-su-capacidad-de-respuesta-frente-a-emergencias\/","title":{"rendered":"Vizcarra: Estado ha mejorado su capacidad de respuesta frente a emergencias"},"content":{"rendered":"<p><strong><span style=\"color: #000000;\">El presidente de la Rep\u00fablica, Mart\u00edn Vizcarra, se\u00f1al\u00f3 que el Estado avanz\u00f3 en su capacidad de respuesta frente a las emergencias por desastres naturales.<\/span><\/strong><\/p>\n<p><span style=\"color: #000000;\"><strong>Lima, 26 Mayo 2019, (ANDINA).-<\/strong> El presidente de la Rep\u00fablica, Mart\u00edn Vizcarra, se\u00f1al\u00f3 que el Estado avanz\u00f3 en su capacidad de respuesta frente a las emergencias por desastres naturales, ya que apenas ocurri\u00f3 el sismo de esta madrugada se realizaron coordinaciones y cuatro horas despu\u00e9s los miembros del gobierno ya se desplazaban a las zonas afectadas.<\/span><\/p>\n<p><span style=\"color: #000000;\">\u201cHemos avanzado, han visto esta respuesta a pesar de lo lejos que se encuentra y de lo extenso de la selva, en menos cuatro o cinco horas, la presencia del Estado, a trav\u00e9s de los ministros, del presidente, del Estado en su conjunto, para atender la emergencia, ha llegado\u201d, expres\u00f3 en declaraciones desde Yurimaguas.<\/span><\/p>\n<p><span style=\"color: #000000;\">No obstante, el jefe de Estado consider\u00f3 que a\u00fan falta generar conciencia c\u00edvica de prevenci\u00f3n en toda la poblaci\u00f3n del pa\u00eds porque muchas familias no ten\u00edan la mochila de emergencia que se requiere durante un sismo.<\/span><\/p>\n<p><span style=\"color: #000000;\">\u201cQue esto sea un llamado de atenci\u00f3n, estamos expuestos a estos fen\u00f3menos naturales, prepar\u00e9monos. No podemos evitar que ocurran, lo que podemos evitar es que sucedan los efectos negativos\u201d, sostuvo.<\/span><\/p>\n<p><strong><span style=\"color: #000000;\">Evaluaci\u00f3n<\/span><\/strong><\/p>\n<p><span style=\"color: #000000;\">El mandatario dijo que de la evaluaci\u00f3n realizada en Yurimaguas se observa viviendas da\u00f1adas, as\u00ed como v\u00edas de comunicaci\u00f3n terrestre interrumpidas por sectores debido a los deslizamientos.<\/span><\/p>\n<p><span style=\"color: #000000;\">Asimismo, dijo que hasta el momento no se reportan fallecidas, sino heridas, dos de las cuales ser\u00e1n trasladada en un avi\u00f3n de la Fuerza A\u00e9rea hasta Lima. Se trata de una mujer embarazada que presenta problemas del coraz\u00f3n y una ni\u00f1a de seis a\u00f1os.<\/span><\/p>\n<p><span style=\"color: #000000;\">En cuanto al puente que une Yurimaguas con Tarapoto, precis\u00f3 que la obra no presenta da\u00f1os en su estructura, sino que el problema se encuentra en las losas de aproximaci\u00f3n entre el puente y la carretera.<\/span><\/p>\n<p><span style=\"color: #000000;\">Al respecto, inform\u00f3 que ya lleg\u00f3 una retroexcavadora para realizar labores de limpieza afectada por aludes y restablecer el tr\u00e1nsito pleno en la zona.<\/span><\/p>\n<p><span style=\"color: #000000;\">El jefe de Estado inform\u00f3 que la declaratoria de emergencia en zonas afectadas se realizar\u00e1 en funci\u00f3n de la evaluaci\u00f3n que realicen las autoridades. Por el momento, precis\u00f3, no se ha tomado esa decisi\u00f3n.<\/span><\/p>\n<p><img fetchpriority=\"high\" decoding=\"async\" class=\"aligncenter size-full wp-image-49783\" src=\"http:\/\/elinformanteperu.com\/wp-content\/uploads\/2019\/05\/vizcarra-sismo-loreto4.jpg\" alt=\"\" width=\"1800\" height=\"1201\" srcset=\"https:\/\/elinformanteperu.com\/wp-content\/uploads\/2019\/05\/vizcarra-sismo-loreto4.jpg 1800w, https:\/\/elinformanteperu.com\/wp-content\/uploads\/2019\/05\/vizcarra-sismo-loreto4-300x200.jpg 300w, https:\/\/elinformanteperu.com\/wp-content\/uploads\/2019\/05\/vizcarra-sismo-loreto4-768x512.jpg 768w, https:\/\/elinformanteperu.com\/wp-content\/uploads\/2019\/05\/vizcarra-sismo-loreto4-1024x683.jpg 1024w, https:\/\/elinformanteperu.com\/wp-content\/uploads\/2019\/05\/vizcarra-sismo-loreto4-128x85.jpg 128w, https:\/\/elinformanteperu.com\/wp-content\/uploads\/2019\/05\/vizcarra-sismo-loreto4-32x21.jpg 32w\" sizes=\"(max-width: 1800px) 100vw, 1800px\" \/><\/p>\n","protected":false},"excerpt":{"rendered":"<p>El presidente de la Rep\u00fablica, Mart\u00edn Vizcarra, se\u00f1al\u00f3 que el Estado avanz\u00f3 en su capacidad de respuesta frente a las emergencias por desastres naturales. Lima, 26 Mayo 2019, (ANDINA).- El presidente de la Rep\u00fablica, Mart\u00edn Vizcarra, se\u00f1al\u00f3 que el Estado avanz\u00f3 en su capacidad de respuesta frente a las emergencias por desastres naturales, ya que [&hellip;]<\/p>\n","protected":false},"author":1,"featured_media":49782,"comment_status":"open","ping_status":"open","sticky":false,"template":"","format":"standard","meta":{"rop_custom_images_group":[],"rop_custom_messages_group":[],"rop_publish_now":"initial","rop_publish_now_accounts":[],"rop_publish_now_history":[],"rop_publish_now_status":"pending","footnotes":""},"categories":[5],"tags":[2255,289],"class_list":["post-49781","post","type-post","status-publish","format-standard","has-post-thumbnail","hentry","category-actualidad-informativa","tag-comunidad-andina-de-naciones","tag-martin-vizcarra"],"_links":{"self":[{"href":"https:\/\/elinformanteperu.com\/index.php\/wp-json\/wp\/v2\/posts\/49781","targetHints":{"allow":["GET"]}}],"collection":[{"href":"https:\/\/elinformanteperu.com\/index.php\/wp-json\/wp\/v2\/posts"}],"about":[{"href":"https:\/\/elinformanteperu.com\/index.php\/wp-json\/wp\/v2\/types\/post"}],"author":[{"embeddable":true,"href":"https:\/\/elinformanteperu.com\/index.php\/wp-json\/wp\/v2\/users\/1"}],"replies":[{"embeddable":true,"href":"https:\/\/elinformanteperu.com\/index.php\/wp-json\/wp\/v2\/comments?post=49781"}],"version-history":[{"count":1,"href":"https:\/\/elinformanteperu.com\/index.php\/wp-json\/wp\/v2\/posts\/49781\/revisions"}],"predecessor-version":[{"id":49784,"href":"https:\/\/elinformanteperu.com\/index.php\/wp-json\/wp\/v2\/posts\/49781\/revisions\/49784"}],"wp:featuredmedia":[{"embeddable":true,"href":"https:\/\/elinformanteperu.com\/index.php\/wp-json\/wp\/v2\/media\/49782"}],"wp:attachment":[{"href":"https:\/\/elinformanteperu.com\/index.php\/wp-json\/wp\/v2\/media?parent=49781"}],"wp:term":[{"taxonomy":"category","embeddable":true,"href":"https:\/\/elinformanteperu.com\/index.php\/wp-json\/wp\/v2\/categories?post=49781"},{"taxonomy":"post_tag","embeddable":true,"href":"https:\/\/elinformanteperu.com\/index.php\/wp-json\/wp\/v2\/tags?post=49781"}],"curies":[{"name":"wp","href":"https:\/\/api.w.org\/{rel}","templated":true}]}}