{"id":49778,"date":"2019-05-26T23:37:24","date_gmt":"2019-05-27T04:37:24","guid":{"rendered":"http:\/\/elinformanteperu.com\/?p=49778"},"modified":"2019-05-26T23:37:24","modified_gmt":"2019-05-27T04:37:24","slug":"comunidad-andina-acuerda-fortalecer-comercio-interconexion-energetica-y-tecnologia","status":"publish","type":"post","link":"https:\/\/elinformanteperu.com\/index.php\/2019\/05\/26\/comunidad-andina-acuerda-fortalecer-comercio-interconexion-energetica-y-tecnologia\/","title":{"rendered":"Comunidad Andina acuerda fortalecer comercio, interconexi\u00f3n energ\u00e9tica y tecnolog\u00eda"},"content":{"rendered":"<p><strong><span style=\"color: #000000;\">Los presidentes de los cuatro pa\u00edses miembros de la Comunidad Andina suscribieron la Declaraci\u00f3n Conjunta del XIX Consejo Presidencial Andino.<\/span><\/strong><\/p>\n<p><span style=\"color: #000000;\"><strong>Lima, 26 Mayo 2019, (ANDINA).-<\/strong> Los presidentes de los cuatro pa\u00edses miembros de la Comunidad Andina suscribieron la Declaraci\u00f3n Conjunta del XIX Consejo Presidencial Andino, en la que el bloque regional se compromete a fortalecer el comercio, interconexi\u00f3n energ\u00e9tica, y desarrollo de tecnolog\u00eda, entre otras iniciativas.<\/span><\/p>\n<p><span style=\"color: #000000;\">La declaraci\u00f3n fue firmada por los presidentes Bolivia, Evo Morales; de Colombia, Iv\u00e1n Duque M\u00e1rquez; Ecuador, Lenin Moreno Garc\u00e9s; y Per\u00fa, Mart\u00edn Vizcarra Cornejo.<\/span><\/p>\n<p><span style=\"color: #000000;\">En el documento se se\u00f1ala que la Comunidad Andina representa un mercado de 110 millones de habitantes andinos con un ingreso nominal per c\u00e1pita de 6,500 d\u00f3lares y que este ingreso, que representa un indicador del mejoramiento del nivel de vida, ha registrado un importante crecimiento, multiplic\u00e1ndose 17 veces desde 1969 hasta la fecha.<\/span><\/p>\n<p><span style=\"color: #000000;\">Refiere que la Zona de Libre Comercio, de 8,902 millones de d\u00f3lares de las exportaciones intracomunitarias y su mayor dinamismo respecto al comercio con terceros pa\u00edses, as\u00ed como el desarrollo de un mercado con valor agregado para manufacturas de media y alta tecnolog\u00eda.<\/span><\/p>\n<p><span style=\"color: #000000;\">En ese sentido, la Comunidad Andina acord\u00f3 avanzar en la construcci\u00f3n de una visi\u00f3n a futuro de la Comunidad Andina, que priorice el trabajo en las siguientes \u00e1reas:<\/span><\/p>\n<p><span style=\"color: #000000;\">\u2022 Libre movilidad de personas <\/span><br \/>\n<span style=\"color: #000000;\">\u2022 Agenda digital andina: transformaci\u00f3n digital, conectividad, innovaci\u00f3n, y tecnolog\u00edas de la informaci\u00f3n y comunicaciones.<\/span><br \/>\n<span style=\"color: #000000;\">\u2022 Digitalizaci\u00f3n de tr\u00e1mites.<\/span><br \/>\n<span style=\"color: #000000;\">\u2022 Interconexi\u00f3n energ\u00e9tica entre pa\u00edses andinos y otros pa\u00edses de la regi\u00f3n.<\/span><br \/>\n<span style=\"color: #000000;\">\u2022 Fortalecer la zona de libre comercio de la Comunidad Andina.<\/span><br \/>\n<span style=\"color: #000000;\">\u2022 Facilitaci\u00f3n del comercio.<\/span><br \/>\n<span style=\"color: #000000;\">\u2022 Fortalecer la complementariedad comercial.<\/span><br \/>\n<span style=\"color: #000000;\">\u2022 Acciones de promoci\u00f3n comercial conjunta.<\/span><br \/>\n<span style=\"color: #000000;\">\u2022 Fortalecimiento de las Pymes y Mypymes.<\/span><br \/>\n<span style=\"color: #000000;\">\u2022 Evaluaci\u00f3n de est\u00e1ndares internacionales para acceder a mercados de terceros pa\u00edses.<\/span><br \/>\n<span style=\"color: #000000;\">\u2022 Programas para la mejora de los servicios p\u00fablicos de educaci\u00f3n y de salud que se brindan a la poblaci\u00f3n, de acuerdo a lo establecido en el Acuerdo de Cartagena y la priorizaci\u00f3n efectuada en el proceso de reingenier\u00eda.<\/span><br \/>\n<span style=\"color: #000000;\">\u2022 Inclusi\u00f3n de las poblaciones vulnerables.<\/span><br \/>\n<span style=\"color: #000000;\">\u2022 Promoci\u00f3n de la igualdad de g\u00e9nero.<\/span><br \/>\n<span style=\"color: #000000;\">\u2022 Participaci\u00f3n activa de los pueblos ind\u00edgenas y afrodescendientes en la integraci\u00f3n andina.<\/span><br \/>\n<span style=\"color: #000000;\">\u2022 Seguridad vial para prevenir los accidentes de tr\u00e1nsito en la Comunidad Andina.<\/span><\/p>\n<p><span style=\"color: #000000;\">En la Declaraci\u00f3n Conjunta del XIX Consejo Presidencial Andino tambi\u00e9n se reconocen los siguientes logros alcanzados durante la Presidencia Pro Tempore peruana:<\/span><\/p>\n<p><span style=\"color: #000000;\">\u2022 Decisi\u00f3n Andina 837 que sustituye la Decisi\u00f3n 399 sobre Transporte Internacional de Mercanc\u00edas por Carretera.<\/span><br \/>\n<span style=\"color: #000000;\">\u2022 Decisi\u00f3n Andina sobre la Creaci\u00f3n del Observatorio Andino encargado de la Gesti\u00f3n de la Informaci\u00f3n Oficial en materia de Mercurio.<\/span><br \/>\n<span style=\"color: #000000;\">\u2022 Decisi\u00f3n Andina que aprueba el \u201cPlan Quinquenal Andino (2019\u20132024) para la Implementaci\u00f3n de la Proclamaci\u00f3n del Decenio Internacional de los Afrodescendientes\u201d <\/span><br \/>\n<span style=\"color: #000000;\">\u2022 Decisi\u00f3n Andina que armoniza las legislaciones en materia de productos Cosm\u00e9ticos<\/span><br \/>\n<span style=\"color: #000000;\">\u2022 Firma del Acuerdo de Reconocimiento Mutuo del Operador Econ\u00f3mico Autorizado.<\/span><br \/>\n<span style=\"color: #000000;\">\u2022 Avances en la elaboraci\u00f3n de los tres Reglamentos de Interconexi\u00f3n El\u00e9ctrica a ser aprobados mediante Resoluciones de la Secretaria General.<\/span><br \/>\n<span style=\"color: #000000;\">\u2022 Avances en la elaboraci\u00f3n del Estatuto Migratorio Andino.<\/span><br \/>\n<span style=\"color: #000000;\">\u2022 Avances en la Decisi\u00f3n Andina que establece el Servicio de Roaming internacional entre los Pa\u00edses Miembros de la Comunidad Andina<\/span><\/p>\n<p><span style=\"color: #000000;\">Los presidentes de los pa\u00edses miembros de la Comunidad Andina expresaron su firme compromiso de fortalecer y dar un renovado dinamismo al proceso andino de integraci\u00f3n; as\u00ed como para avanzar hacia un proceso de di\u00e1logo, coordinaci\u00f3n y profundizaci\u00f3n de sinergias con los mecanismos regionales y subregionales de integraci\u00f3n.<\/span><\/p>\n<p><span style=\"color: #000000;\">\u201cConsideramos que, en la actualidad, la Comunidad Andina debe potenciar su proyecci\u00f3n geogr\u00e1fica hacia otras regiones, y convertirse en el eje articulador con el resto de Am\u00e9rica del Sur\u201d, se precisa.<\/span><\/p>\n<p><span style=\"color: #000000;\">Tambi\u00e9n se muestra la intenci\u00f3n de avanzar hacia un proceso de integraci\u00f3n m\u00e1s relevante para el ciudadano andino, considerando, entre otros, las finalidades contempladas en el Acuerdo de Cartagena, as\u00ed como los compromisos asumidos en la agenda 2030 para el desarrollo sostenible y sus objetivos de desarrollo sostenible.<\/span><\/p>\n<p><span style=\"color: #000000;\">Entre los acuerdos tambi\u00e9n figura, la disposici\u00f3n de reunirnse de forma ordinaria en 2020, de conformidad con lo establecido en el art\u00edculo 13 del Acuerdo de Cartagena.<\/span><\/p>\n","protected":false},"excerpt":{"rendered":"<p>Los presidentes de los cuatro pa\u00edses miembros de la Comunidad Andina suscribieron la Declaraci\u00f3n Conjunta del XIX Consejo Presidencial Andino. Lima, 26 Mayo 2019, (ANDINA).- Los presidentes de los cuatro pa\u00edses miembros de la Comunidad Andina suscribieron la Declaraci\u00f3n Conjunta del XIX Consejo Presidencial Andino, en la que el bloque regional se compromete a fortalecer [&hellip;]<\/p>\n","protected":false},"author":1,"featured_media":49779,"comment_status":"open","ping_status":"open","sticky":false,"template":"","format":"standard","meta":{"rop_custom_images_group":[],"rop_custom_messages_group":[],"rop_publish_now":"initial","rop_publish_now_accounts":[],"rop_publish_now_history":[],"rop_publish_now_status":"pending","footnotes":""},"categories":[5],"tags":[2255,289],"class_list":["post-49778","post","type-post","status-publish","format-standard","has-post-thumbnail","hentry","category-actualidad-informativa","tag-comunidad-andina-de-naciones","tag-martin-vizcarra"],"_links":{"self":[{"href":"https:\/\/elinformanteperu.com\/index.php\/wp-json\/wp\/v2\/posts\/49778","targetHints":{"allow":["GET"]}}],"collection":[{"href":"https:\/\/elinformanteperu.com\/index.php\/wp-json\/wp\/v2\/posts"}],"about":[{"href":"https:\/\/elinformanteperu.com\/index.php\/wp-json\/wp\/v2\/types\/post"}],"author":[{"embeddable":true,"href":"https:\/\/elinformanteperu.com\/index.php\/wp-json\/wp\/v2\/users\/1"}],"replies":[{"embeddable":true,"href":"https:\/\/elinformanteperu.com\/index.php\/wp-json\/wp\/v2\/comments?post=49778"}],"version-history":[{"count":1,"href":"https:\/\/elinformanteperu.com\/index.php\/wp-json\/wp\/v2\/posts\/49778\/revisions"}],"predecessor-version":[{"id":49780,"href":"https:\/\/elinformanteperu.com\/index.php\/wp-json\/wp\/v2\/posts\/49778\/revisions\/49780"}],"wp:featuredmedia":[{"embeddable":true,"href":"https:\/\/elinformanteperu.com\/index.php\/wp-json\/wp\/v2\/media\/49779"}],"wp:attachment":[{"href":"https:\/\/elinformanteperu.com\/index.php\/wp-json\/wp\/v2\/media?parent=49778"}],"wp:term":[{"taxonomy":"category","embeddable":true,"href":"https:\/\/elinformanteperu.com\/index.php\/wp-json\/wp\/v2\/categories?post=49778"},{"taxonomy":"post_tag","embeddable":true,"href":"https:\/\/elinformanteperu.com\/index.php\/wp-json\/wp\/v2\/tags?post=49778"}],"curies":[{"name":"wp","href":"https:\/\/api.w.org\/{rel}","templated":true}]}}