{"id":49775,"date":"2019-05-26T23:32:11","date_gmt":"2019-05-27T04:32:11","guid":{"rendered":"http:\/\/elinformanteperu.com\/?p=49775"},"modified":"2019-05-26T23:32:11","modified_gmt":"2019-05-27T04:32:11","slug":"inmunidad-parlamentaria-debe-regularse-considera-salaverry","status":"publish","type":"post","link":"https:\/\/elinformanteperu.com\/index.php\/2019\/05\/26\/inmunidad-parlamentaria-debe-regularse-considera-salaverry\/","title":{"rendered":"Inmunidad parlamentaria debe regularse, considera Salaverry"},"content":{"rendered":"<p><strong><span style=\"color: #000000;\">Daniel Salaverry, consider\u00f3 necesario regular la inmunidad parlamentaria para no proyectar ante la ciudadan\u00eda la sensaci\u00f3n de que se protege indebidamente a quien debe rendir cuentas ante la justicia.<\/span><\/strong><\/p>\n<p><span style=\"color: #000000;\"><strong>Lima, 26 Mayo 2019, (ANDINA).-<\/strong> El presidente del Congreso, Daniel Salaverry, consider\u00f3 necesario regular la inmunidad parlamentaria para no proyectar ante la ciudadan\u00eda la sensaci\u00f3n de que este poder del Estado protege indebidamente a quien debe rendir cuentas ante la justicia, sin debilitar con ello el fuero del legislativo.<\/span><\/p>\n<p><span style=\"color: #000000;\">Para lograr ese objetivo, Salaverry plante\u00f3 dos alternativas: una modificaci\u00f3n constitucional que permita a los legisladores renunciar a su inmunidad, o establecer plazos perentorios para atender las solicitudes de levantamiento de esa prerrogativa, a fin de evitar que \u201cduerman eternamente\u201d.<\/span><\/p>\n<p><span style=\"color: #000000;\">\u201cLa inmunidad debe replantearse, eso nos queda claro a todos (\u2026) lo que hay que hacer es regularla\u201d, manifest\u00f3 en Cuarto Poder.<\/span><\/p>\n<p><span style=\"color: #000000;\">A juicio del titular del Congreso, el proyecto del Ejecutivo que planteaba entregar a la Corte Suprema la facultad de levantar la inmunidad de los legisladores fue archivado apresuradamente, pues debi\u00f3 debatirse de una manera m\u00e1s profunda y con participaci\u00f3n de especialistas.<\/span><\/p>\n<p><span style=\"color: #000000;\">Manifest\u00f3, no obstante, que en su opini\u00f3n esta prerrogativa no debe eliminarse en su totalidad pues podr\u00eda afectar la independencia y la autonom\u00eda de los congresistas y los dejar\u00eda expuestos a una persecuci\u00f3n pol\u00edtica por parte de un eventual gobierno autoritario.<\/span><\/p>\n<p><span style=\"color: #000000;\">\u201cEs decir, tenemos que encontrar una figura que nos permita darle un mensaje claro a la poblaci\u00f3n respecto a que en el Congreso no e protege indebidamente a alguien que debe enfrentar a la justicia, pero tampoco se debilita el fuero parlamentario\u201d, asegur\u00f3.<\/span><\/p>\n<p><strong><span style=\"color: #000000;\">Reforma pol\u00edtica<\/span><\/strong><\/p>\n<p><span style=\"color: #000000;\">Por otro lado, consider\u00f3 que, si bien la reforma pol\u00edtica es importante, las tareas prioritarias del Ejecutivo deber\u00edan ser mejorar la econom\u00eda, garantizar la seguridad de la poblaci\u00f3n y un sistema de salud p\u00fablico eficiente.<\/span><\/p>\n<p><span style=\"color: #000000;\">\u201cAh\u00ed tenemos que enfocarnos, la reforma pol\u00edtica es importante, pero si hay una madre con un hijo con neumon\u00eda, para esa madre \u00bfcu\u00e1l es su prioridad? \u00bfLa reforma pol\u00edtica o que haya un hospital que atienda a su hijo? Esas son las prioridades a las que tenemos que enfocarnos y ayudar al Ejecutivo a encontrar una soluci\u00f3n\u201d, coment\u00f3.<\/span><\/p>\n<p><span style=\"color: #000000;\">\u201cLa reforma pol\u00edtica puede ir en simult\u00e1neo, pero no podemos tener un pa\u00eds paralizado, una clase pol\u00edtica paralizada solamente enfocada en si se aprob\u00f3 o no un proyecto del Ejecutivo\u201d, agreg\u00f3.<\/span><\/p>\n<p><strong><span style=\"color: #000000;\">Cuesti\u00f3n de confianza<\/span><\/strong><\/p>\n<p><span style=\"color: #000000;\">Respecto a la posibilidad del Ejecutivo de proponer una cuesti\u00f3n de confianza al Congreso respecto a los proyectos de ley de reforma, Salaverry consider\u00f3 que ser\u00eda un \u201ctremendo error\u201d pol\u00edtico, pues ello no solo debilitar\u00eda la democracia, sino tambi\u00e9n afectar\u00eda enormemente la imagen del pa\u00eds, as\u00ed como la econom\u00eda.<\/span><\/p>\n<p><span style=\"color: #000000;\">\u201cAs\u00ed que dudo mucho que vayan a tomar esa decisi\u00f3n\u201d, indic\u00f3.<\/span><\/p>\n","protected":false},"excerpt":{"rendered":"<p>Daniel Salaverry, consider\u00f3 necesario regular la inmunidad parlamentaria para no proyectar ante la ciudadan\u00eda la sensaci\u00f3n de que se protege indebidamente a quien debe rendir cuentas ante la justicia. Lima, 26 Mayo 2019, (ANDINA).- El presidente del Congreso, Daniel Salaverry, consider\u00f3 necesario regular la inmunidad parlamentaria para no proyectar ante la ciudadan\u00eda la sensaci\u00f3n de [&hellip;]<\/p>\n","protected":false},"author":1,"featured_media":49776,"comment_status":"open","ping_status":"open","sticky":false,"template":"","format":"standard","meta":{"rop_custom_images_group":[],"rop_custom_messages_group":[],"rop_publish_now":"initial","rop_publish_now_accounts":[],"rop_publish_now_history":[],"rop_publish_now_status":"pending","footnotes":""},"categories":[5],"tags":[192,858],"class_list":["post-49775","post","type-post","status-publish","format-standard","has-post-thumbnail","hentry","category-actualidad-informativa","tag-congreso","tag-daniel-salaverry"],"_links":{"self":[{"href":"https:\/\/elinformanteperu.com\/index.php\/wp-json\/wp\/v2\/posts\/49775","targetHints":{"allow":["GET"]}}],"collection":[{"href":"https:\/\/elinformanteperu.com\/index.php\/wp-json\/wp\/v2\/posts"}],"about":[{"href":"https:\/\/elinformanteperu.com\/index.php\/wp-json\/wp\/v2\/types\/post"}],"author":[{"embeddable":true,"href":"https:\/\/elinformanteperu.com\/index.php\/wp-json\/wp\/v2\/users\/1"}],"replies":[{"embeddable":true,"href":"https:\/\/elinformanteperu.com\/index.php\/wp-json\/wp\/v2\/comments?post=49775"}],"version-history":[{"count":1,"href":"https:\/\/elinformanteperu.com\/index.php\/wp-json\/wp\/v2\/posts\/49775\/revisions"}],"predecessor-version":[{"id":49777,"href":"https:\/\/elinformanteperu.com\/index.php\/wp-json\/wp\/v2\/posts\/49775\/revisions\/49777"}],"wp:featuredmedia":[{"embeddable":true,"href":"https:\/\/elinformanteperu.com\/index.php\/wp-json\/wp\/v2\/media\/49776"}],"wp:attachment":[{"href":"https:\/\/elinformanteperu.com\/index.php\/wp-json\/wp\/v2\/media?parent=49775"}],"wp:term":[{"taxonomy":"category","embeddable":true,"href":"https:\/\/elinformanteperu.com\/index.php\/wp-json\/wp\/v2\/categories?post=49775"},{"taxonomy":"post_tag","embeddable":true,"href":"https:\/\/elinformanteperu.com\/index.php\/wp-json\/wp\/v2\/tags?post=49775"}],"curies":[{"name":"wp","href":"https:\/\/api.w.org\/{rel}","templated":true}]}}