{"id":49763,"date":"2019-05-26T23:21:09","date_gmt":"2019-05-27T04:21:09","guid":{"rendered":"http:\/\/elinformanteperu.com\/?p=49763"},"modified":"2019-05-26T23:21:09","modified_gmt":"2019-05-27T04:21:09","slug":"vizcarra-encabeza-cumbre-presidencial-de-la-comunidad-andina","status":"publish","type":"post","link":"https:\/\/elinformanteperu.com\/index.php\/2019\/05\/26\/vizcarra-encabeza-cumbre-presidencial-de-la-comunidad-andina\/","title":{"rendered":"Vizcarra encabeza Cumbre Presidencial de la Comunidad Andina"},"content":{"rendered":"<p><strong><span style=\"color: #000000;\">El jefe del Estado, Mart\u00edn Vizcarra, presidi\u00f3 la XIX Cumbre Presidencial de la Comunidad Andina, que se desarroll\u00f3 en Palacio de Gobierno.<\/span><\/strong><\/p>\n<p><span style=\"color: #000000;\"><strong>Lima, 26 Mayo 2019, (ANDINA).-<\/strong> El jefe del Estado, Mart\u00edn Vizcarra, presidi\u00f3 la XIX Cumbre Presidencial de la Comunidad Andina, que se desarroll\u00f3 en Palacio de Gobierno.<\/span><\/p>\n<p><span style=\"color: #000000;\">En la cita participaron los presidentes de Bolivia, Evo Morales; de Colombia, Iv\u00e1n Duque, y Ecuador, Len\u00edn Moreno.<\/span><\/p>\n<p><span style=\"color: #000000;\">Se espera que tras el encuentro de los jefes de Estado, se firme una declaraci\u00f3n conjunta con diversos acuerdos.<\/span><\/p>\n<p><span style=\"color: #000000;\">Esta reuni\u00f3n est\u00e1 precedida por el 45\u00ba Consejo de Ministros de Relaciones Exteriores ampliado, en el que participaron tambi\u00e9n los titulares de Comercio Exterior de los cuatro pa\u00edses de la Comunidad Andina, Per\u00fa, Bolivia, Ecuador y Colombia.<\/span><\/p>\n","protected":false},"excerpt":{"rendered":"<p>El jefe del Estado, Mart\u00edn Vizcarra, presidi\u00f3 la XIX Cumbre Presidencial de la Comunidad Andina, que se desarroll\u00f3 en Palacio de Gobierno. Lima, 26 Mayo 2019, (ANDINA).- El jefe del Estado, Mart\u00edn Vizcarra, presidi\u00f3 la XIX Cumbre Presidencial de la Comunidad Andina, que se desarroll\u00f3 en Palacio de Gobierno. En la cita participaron los presidentes [&hellip;]<\/p>\n","protected":false},"author":1,"featured_media":49764,"comment_status":"open","ping_status":"open","sticky":false,"template":"","format":"standard","meta":{"rop_custom_images_group":[],"rop_custom_messages_group":[],"rop_publish_now":"initial","rop_publish_now_accounts":[],"rop_publish_now_history":[],"rop_publish_now_status":"pending","footnotes":""},"categories":[5],"tags":[2255,289],"class_list":["post-49763","post","type-post","status-publish","format-standard","has-post-thumbnail","hentry","category-actualidad-informativa","tag-comunidad-andina-de-naciones","tag-martin-vizcarra"],"_links":{"self":[{"href":"https:\/\/elinformanteperu.com\/index.php\/wp-json\/wp\/v2\/posts\/49763","targetHints":{"allow":["GET"]}}],"collection":[{"href":"https:\/\/elinformanteperu.com\/index.php\/wp-json\/wp\/v2\/posts"}],"about":[{"href":"https:\/\/elinformanteperu.com\/index.php\/wp-json\/wp\/v2\/types\/post"}],"author":[{"embeddable":true,"href":"https:\/\/elinformanteperu.com\/index.php\/wp-json\/wp\/v2\/users\/1"}],"replies":[{"embeddable":true,"href":"https:\/\/elinformanteperu.com\/index.php\/wp-json\/wp\/v2\/comments?post=49763"}],"version-history":[{"count":1,"href":"https:\/\/elinformanteperu.com\/index.php\/wp-json\/wp\/v2\/posts\/49763\/revisions"}],"predecessor-version":[{"id":49765,"href":"https:\/\/elinformanteperu.com\/index.php\/wp-json\/wp\/v2\/posts\/49763\/revisions\/49765"}],"wp:featuredmedia":[{"embeddable":true,"href":"https:\/\/elinformanteperu.com\/index.php\/wp-json\/wp\/v2\/media\/49764"}],"wp:attachment":[{"href":"https:\/\/elinformanteperu.com\/index.php\/wp-json\/wp\/v2\/media?parent=49763"}],"wp:term":[{"taxonomy":"category","embeddable":true,"href":"https:\/\/elinformanteperu.com\/index.php\/wp-json\/wp\/v2\/categories?post=49763"},{"taxonomy":"post_tag","embeddable":true,"href":"https:\/\/elinformanteperu.com\/index.php\/wp-json\/wp\/v2\/tags?post=49763"}],"curies":[{"name":"wp","href":"https:\/\/api.w.org\/{rel}","templated":true}]}}