{"id":49756,"date":"2019-05-26T23:00:35","date_gmt":"2019-05-27T04:00:35","guid":{"rendered":"http:\/\/elinformanteperu.com\/?p=49756"},"modified":"2019-05-26T23:00:35","modified_gmt":"2019-05-27T04:00:35","slug":"coen-confirman-muerte-de-una-persona-en-cajamarca-por-sismo-2","status":"publish","type":"post","link":"https:\/\/elinformanteperu.com\/index.php\/2019\/05\/26\/coen-confirman-muerte-de-una-persona-en-cajamarca-por-sismo-2\/","title":{"rendered":"COEN: Confirman muerte de una persona en Cajamarca por sismo"},"content":{"rendered":"<p><strong><span style=\"color: #000000;\">El mandatario de Bolivia, Evo Morales, expres\u00f3 su solidaridad y apoyo al presidente del Per\u00fa, Mart\u00edn Vizcarra, tras el fuerte sismo registrado esta madrugada.<\/span><\/strong><\/p>\n<p><span style=\"color: #000000;\"><strong>Lima, 26 Mayo 2019, (ANDINA).-<\/strong> El mandatario de Bolivia, Evo Morales, expres\u00f3 su solidaridad y apoyo al presidente del Per\u00fa, Mart\u00edn Vizcarra, tras el fuerte sismo registrado esta madrugada.<\/span><\/p>\n<p><span style=\"color: #000000;\">A trav\u00e9s de un mensaje publicado en su cuenta en Twitter, dispuso el apoyo pleno de Bolivia frente a cualquier emergencia.<\/span><\/p>\n<p><span style=\"color: #000000;\">\u00abLlegamos a Lima, Per\u00fa, con la noticia de un terremoto que se sinti\u00f3 en varias regiones de este pa\u00eds hermano. Nuestra solidaridad con el hermano presidente Mart\u00edn Vizcarra. Estamos atentos a las acciones de contingencia, con nuestra plena disposici\u00f3n ante cualquier emergencia\u00bb, se\u00f1al\u00f3.<\/span><\/p>\n<p><span style=\"color: #000000;\">El presidente de Bolivia, Evo Morales, arrib\u00f3 esta ma\u00f1ana a Lima para participar de la XIX Reuni\u00f3n del Consejo Presidencial Andino, que se desarrollar\u00e1 en Palacio de Gobierno, con ocasi\u00f3n de celebrarse los 50 a\u00f1os de la Comunidad Andina.<\/span><\/p>\n<p><span style=\"color: #000000;\">El sismo registrado esta madrugada en Loreto alcanz\u00f3 una magnitud de 8.0, seg\u00fan la reciente actualizaci\u00f3n del Instituto Geof\u00edsico del Per\u00fa (IGP).<\/span><\/p>\n<p><span style=\"color: #000000;\">Dicha instituci\u00f3n a\u00f1ade que el epicentro del movimiento tel\u00farico que ocurri\u00f3 a las 02:41 horas, se localiz\u00f3 a 60 kil\u00f3metros al sur del distrito de Lagunas, provincia de Alto Amazonas.<\/span><\/p>\n<p><img fetchpriority=\"high\" decoding=\"async\" class=\"aligncenter size-full wp-image-49758\" src=\"http:\/\/elinformanteperu.com\/wp-content\/uploads\/2019\/05\/evo-llegada-Lima1.jpg\" alt=\"\" width=\"524\" height=\"212\" srcset=\"https:\/\/elinformanteperu.com\/wp-content\/uploads\/2019\/05\/evo-llegada-Lima1.jpg 524w, https:\/\/elinformanteperu.com\/wp-content\/uploads\/2019\/05\/evo-llegada-Lima1-300x121.jpg 300w, https:\/\/elinformanteperu.com\/wp-content\/uploads\/2019\/05\/evo-llegada-Lima1-128x52.jpg 128w, https:\/\/elinformanteperu.com\/wp-content\/uploads\/2019\/05\/evo-llegada-Lima1-32x13.jpg 32w\" sizes=\"(max-width: 524px) 100vw, 524px\" \/><\/p>\n","protected":false},"excerpt":{"rendered":"<p>El mandatario de Bolivia, Evo Morales, expres\u00f3 su solidaridad y apoyo al presidente del Per\u00fa, Mart\u00edn Vizcarra, tras el fuerte sismo registrado esta madrugada. Lima, 26 Mayo 2019, (ANDINA).- El mandatario de Bolivia, Evo Morales, expres\u00f3 su solidaridad y apoyo al presidente del Per\u00fa, Mart\u00edn Vizcarra, tras el fuerte sismo registrado esta madrugada. A trav\u00e9s [&hellip;]<\/p>\n","protected":false},"author":1,"featured_media":49757,"comment_status":"open","ping_status":"open","sticky":false,"template":"","format":"standard","meta":{"rop_custom_images_group":[],"rop_custom_messages_group":[],"rop_publish_now":"initial","rop_publish_now_accounts":[],"rop_publish_now_history":[],"rop_publish_now_status":"pending","footnotes":""},"categories":[5],"tags":[843,2119,1865,4462],"class_list":["post-49756","post","type-post","status-publish","format-standard","has-post-thumbnail","hentry","category-actualidad-informativa","tag-coen","tag-evo-morales","tag-igp","tag-sismo-loreto-2019"],"_links":{"self":[{"href":"https:\/\/elinformanteperu.com\/index.php\/wp-json\/wp\/v2\/posts\/49756","targetHints":{"allow":["GET"]}}],"collection":[{"href":"https:\/\/elinformanteperu.com\/index.php\/wp-json\/wp\/v2\/posts"}],"about":[{"href":"https:\/\/elinformanteperu.com\/index.php\/wp-json\/wp\/v2\/types\/post"}],"author":[{"embeddable":true,"href":"https:\/\/elinformanteperu.com\/index.php\/wp-json\/wp\/v2\/users\/1"}],"replies":[{"embeddable":true,"href":"https:\/\/elinformanteperu.com\/index.php\/wp-json\/wp\/v2\/comments?post=49756"}],"version-history":[{"count":1,"href":"https:\/\/elinformanteperu.com\/index.php\/wp-json\/wp\/v2\/posts\/49756\/revisions"}],"predecessor-version":[{"id":49759,"href":"https:\/\/elinformanteperu.com\/index.php\/wp-json\/wp\/v2\/posts\/49756\/revisions\/49759"}],"wp:featuredmedia":[{"embeddable":true,"href":"https:\/\/elinformanteperu.com\/index.php\/wp-json\/wp\/v2\/media\/49757"}],"wp:attachment":[{"href":"https:\/\/elinformanteperu.com\/index.php\/wp-json\/wp\/v2\/media?parent=49756"}],"wp:term":[{"taxonomy":"category","embeddable":true,"href":"https:\/\/elinformanteperu.com\/index.php\/wp-json\/wp\/v2\/categories?post=49756"},{"taxonomy":"post_tag","embeddable":true,"href":"https:\/\/elinformanteperu.com\/index.php\/wp-json\/wp\/v2\/tags?post=49756"}],"curies":[{"name":"wp","href":"https:\/\/api.w.org\/{rel}","templated":true}]}}