{"id":49754,"date":"2019-05-26T22:45:45","date_gmt":"2019-05-27T03:45:45","guid":{"rendered":"http:\/\/elinformanteperu.com\/?p=49754"},"modified":"2019-05-26T22:45:45","modified_gmt":"2019-05-27T03:45:45","slug":"coen-confirman-muerte-de-una-persona-en-cajamarca-por-sismo","status":"publish","type":"post","link":"https:\/\/elinformanteperu.com\/index.php\/2019\/05\/26\/coen-confirman-muerte-de-una-persona-en-cajamarca-por-sismo\/","title":{"rendered":"COEN: Confirman muerte de una persona en Cajamarca por sismo"},"content":{"rendered":"<p><strong><span style=\"color: #000000;\">El coordinador del COEN, general Ricardo Seijas inform\u00f3 del fallecimiento de una persona en la regi\u00f3n Cajamarca producto del sismo de 7.5 grados, cuyo epicentro fue registrado en Alto Amazonas, Loreto.<\/span><\/strong><\/p>\n<p><span style=\"color: #000000;\"><strong>Lima, 26 Mayo 2019, (ANDINA).-<\/strong> El coordinador del Centro de Operaci\u00f3n de Emergencias Nacional (COEN), general Ricardo Seijas inform\u00f3 del fallecimiento de una persona en la regi\u00f3n Cajamarca producto del sismo de 7.5 grados, cuyo epicentro fue registrado a 70 km al sureste de Lagunas, en Alto Amazonas, Loreto.<\/span><\/p>\n<p><span style=\"color: #000000;\">Seijas refiri\u00f3 que la persona fallecida fue identificada como Dar\u00edo Mu\u00f1oz Banda de 48 a\u00f1os de edad.<\/span><\/p>\n<p><span style=\"color: #000000;\">El hombre pereci\u00f3 luego que una roca se desprendi\u00f3 y cay\u00f3 sobre su vivienda, la cual est\u00e1 ubicada en el centro poblado El arenal en el distrito de Huarango, provincia de San Ignacio, regi\u00f3n Cajamarca.<\/span><\/p>\n<p><span style=\"color: #000000;\">El coordinador del COEN refiri\u00f3 que hasta el momento se han reportado 51 familias damnificadas y 36 afectadas, 11 heridos, adem\u00e1s un fallecido.<\/span><\/p>\n<p><span style=\"color: #000000;\">Asimismo, inform\u00f3 que cuatro instituciones educativas presentan da\u00f1os, cuatro centros salud afectados y dos colapsados.<\/span><\/p>\n<p><span style=\"color: #000000;\">De igual manera, confirm\u00f3 que el puente vehicular que une Yurimaguas y Tarapoto est\u00e1 interrumpido.<\/span><\/p>\n<p><span style=\"color: #000000;\">Seijas refiri\u00f3 que el movimiento tel\u00farico afect\u00f3 siete departamentos del pa\u00eds, donde las v\u00edas est\u00e1n interrumpidas de manera parcial y en algunos casos de manera total.<\/span><\/p>\n","protected":false},"excerpt":{"rendered":"<p>El coordinador del COEN, general Ricardo Seijas inform\u00f3 del fallecimiento de una persona en la regi\u00f3n Cajamarca producto del sismo de 7.5 grados, cuyo epicentro fue registrado en Alto Amazonas, Loreto. Lima, 26 Mayo 2019, (ANDINA).- El coordinador del Centro de Operaci\u00f3n de Emergencias Nacional (COEN), general Ricardo Seijas inform\u00f3 del fallecimiento de una persona [&hellip;]<\/p>\n","protected":false},"author":1,"featured_media":49703,"comment_status":"open","ping_status":"open","sticky":false,"template":"","format":"standard","meta":{"rop_custom_images_group":[],"rop_custom_messages_group":[],"rop_publish_now":"initial","rop_publish_now_accounts":[],"rop_publish_now_history":[],"rop_publish_now_status":"pending","footnotes":""},"categories":[5],"tags":[978,843,148,4462],"class_list":["post-49754","post","type-post","status-publish","format-standard","has-post-thumbnail","hentry","category-actualidad-informativa","tag-cajamarca","tag-coen","tag-indeci","tag-sismo-loreto-2019"],"_links":{"self":[{"href":"https:\/\/elinformanteperu.com\/index.php\/wp-json\/wp\/v2\/posts\/49754","targetHints":{"allow":["GET"]}}],"collection":[{"href":"https:\/\/elinformanteperu.com\/index.php\/wp-json\/wp\/v2\/posts"}],"about":[{"href":"https:\/\/elinformanteperu.com\/index.php\/wp-json\/wp\/v2\/types\/post"}],"author":[{"embeddable":true,"href":"https:\/\/elinformanteperu.com\/index.php\/wp-json\/wp\/v2\/users\/1"}],"replies":[{"embeddable":true,"href":"https:\/\/elinformanteperu.com\/index.php\/wp-json\/wp\/v2\/comments?post=49754"}],"version-history":[{"count":1,"href":"https:\/\/elinformanteperu.com\/index.php\/wp-json\/wp\/v2\/posts\/49754\/revisions"}],"predecessor-version":[{"id":49755,"href":"https:\/\/elinformanteperu.com\/index.php\/wp-json\/wp\/v2\/posts\/49754\/revisions\/49755"}],"wp:featuredmedia":[{"embeddable":true,"href":"https:\/\/elinformanteperu.com\/index.php\/wp-json\/wp\/v2\/media\/49703"}],"wp:attachment":[{"href":"https:\/\/elinformanteperu.com\/index.php\/wp-json\/wp\/v2\/media?parent=49754"}],"wp:term":[{"taxonomy":"category","embeddable":true,"href":"https:\/\/elinformanteperu.com\/index.php\/wp-json\/wp\/v2\/categories?post=49754"},{"taxonomy":"post_tag","embeddable":true,"href":"https:\/\/elinformanteperu.com\/index.php\/wp-json\/wp\/v2\/tags?post=49754"}],"curies":[{"name":"wp","href":"https:\/\/api.w.org\/{rel}","templated":true}]}}