{"id":49751,"date":"2019-05-26T22:43:46","date_gmt":"2019-05-27T03:43:46","guid":{"rendered":"http:\/\/elinformanteperu.com\/?p=49751"},"modified":"2019-05-26T22:43:46","modified_gmt":"2019-05-27T03:43:46","slug":"habilitaran-puente-aereo-para-atender-a-afectados-por-el-sismo","status":"publish","type":"post","link":"https:\/\/elinformanteperu.com\/index.php\/2019\/05\/26\/habilitaran-puente-aereo-para-atender-a-afectados-por-el-sismo\/","title":{"rendered":"Habilitar\u00e1n puente a\u00e9reo para atender a afectados por el sismo"},"content":{"rendered":"<p><strong><span style=\"color: #000000;\">El presidente Mart\u00edn Vizcarra inform\u00f3 que se est\u00e1n haciendo las coordinaciones para establecer un puente a\u00e9reo con la finalidad de atender a la poblaci\u00f3n.vizcarra<\/span><\/strong><\/p>\n<p><span style=\"color: #000000;\"><strong>Lima, 26 Mayo 2019, (ANDINA).-<\/strong> El presidente Mart\u00edn Vizcarra inform\u00f3 que se est\u00e1n haciendo las coordinaciones para establecer un puente a\u00e9reo con la finalidad de atender a la poblaci\u00f3n afectada por el sismo.<\/span><\/p>\n<p><span style=\"color: #000000;\">Antes de viajar a las zonas afectadas, precis\u00f3 que el ministro de Defensa, Jos\u00e9 Huerta, coordina puente a\u00e9reo con zonas afectadas.<\/span><\/p>\n<p><span style=\"color: #000000;\">Asimismo, dijo, el titular del Mindef se encargar\u00e1 de la coordinaci\u00f3n con todos los sectores, para garantizar la presencia del Estado en las ocho regiones afectadas.<\/span><\/p>\n<p><span style=\"color: #000000;\">\u00abPara ello, dispone el establecimiento de un puente a\u00e9reo a fin de trasladar ayuda humanitaria, as\u00ed como a las personas que necesiten\u00bb, agreg\u00f3.<\/span><\/p>\n<p><span style=\"color: #000000;\">Esto forma parte de las acciones inmediatas dispuestas por el Gobierno, a trav\u00e9s de diversos ministerios, para atender las emergencias causadas por el fuerte sismo ocurrido en la selva del pa\u00eds y restablecer los servicios que fueron afectados.<\/span><\/p>\n<p><span style=\"color: #000000;\">Un sismo de magnitud 7.5 sacudi\u00f3 esta madrugada la localidad de Lagunas, provincia de Alto Amazonas, regi\u00f3n Loreto, y por su fuerte intensidad, se sinti\u00f3 tambi\u00e9n en varias ciudades del pa\u00eds, incluyendo Lima.<\/span><\/p>\n<p><span style=\"color: #000000;\">De acuerdo con el Instituto Geof\u00edsico del Per\u00fa (IGP), el movimiento tel\u00farico ocurri\u00f3 a las 02.41 horas y tuvo una profundidad de 141 kil\u00f3metros.<\/span><\/p>\n","protected":false},"excerpt":{"rendered":"<p>El presidente Mart\u00edn Vizcarra inform\u00f3 que se est\u00e1n haciendo las coordinaciones para establecer un puente a\u00e9reo con la finalidad de atender a la poblaci\u00f3n.vizcarra Lima, 26 Mayo 2019, (ANDINA).- El presidente Mart\u00edn Vizcarra inform\u00f3 que se est\u00e1n haciendo las coordinaciones para establecer un puente a\u00e9reo con la finalidad de atender a la poblaci\u00f3n afectada por [&hellip;]<\/p>\n","protected":false},"author":1,"featured_media":49752,"comment_status":"open","ping_status":"open","sticky":false,"template":"","format":"standard","meta":{"rop_custom_images_group":[],"rop_custom_messages_group":[],"rop_publish_now":"initial","rop_publish_now_accounts":[],"rop_publish_now_history":[],"rop_publish_now_status":"pending","footnotes":""},"categories":[5],"tags":[289,473,4462],"class_list":["post-49751","post","type-post","status-publish","format-standard","has-post-thumbnail","hentry","category-actualidad-informativa","tag-martin-vizcarra","tag-salvador-del-solar","tag-sismo-loreto-2019"],"_links":{"self":[{"href":"https:\/\/elinformanteperu.com\/index.php\/wp-json\/wp\/v2\/posts\/49751","targetHints":{"allow":["GET"]}}],"collection":[{"href":"https:\/\/elinformanteperu.com\/index.php\/wp-json\/wp\/v2\/posts"}],"about":[{"href":"https:\/\/elinformanteperu.com\/index.php\/wp-json\/wp\/v2\/types\/post"}],"author":[{"embeddable":true,"href":"https:\/\/elinformanteperu.com\/index.php\/wp-json\/wp\/v2\/users\/1"}],"replies":[{"embeddable":true,"href":"https:\/\/elinformanteperu.com\/index.php\/wp-json\/wp\/v2\/comments?post=49751"}],"version-history":[{"count":1,"href":"https:\/\/elinformanteperu.com\/index.php\/wp-json\/wp\/v2\/posts\/49751\/revisions"}],"predecessor-version":[{"id":49753,"href":"https:\/\/elinformanteperu.com\/index.php\/wp-json\/wp\/v2\/posts\/49751\/revisions\/49753"}],"wp:featuredmedia":[{"embeddable":true,"href":"https:\/\/elinformanteperu.com\/index.php\/wp-json\/wp\/v2\/media\/49752"}],"wp:attachment":[{"href":"https:\/\/elinformanteperu.com\/index.php\/wp-json\/wp\/v2\/media?parent=49751"}],"wp:term":[{"taxonomy":"category","embeddable":true,"href":"https:\/\/elinformanteperu.com\/index.php\/wp-json\/wp\/v2\/categories?post=49751"},{"taxonomy":"post_tag","embeddable":true,"href":"https:\/\/elinformanteperu.com\/index.php\/wp-json\/wp\/v2\/tags?post=49751"}],"curies":[{"name":"wp","href":"https:\/\/api.w.org\/{rel}","templated":true}]}}