{"id":49748,"date":"2019-05-26T22:39:16","date_gmt":"2019-05-27T03:39:16","guid":{"rendered":"http:\/\/elinformanteperu.com\/?p=49748"},"modified":"2019-05-26T22:39:16","modified_gmt":"2019-05-27T03:39:16","slug":"presidente-vizcarra-viajo-a-zonas-afectadas-por-sismo","status":"publish","type":"post","link":"https:\/\/elinformanteperu.com\/index.php\/2019\/05\/26\/presidente-vizcarra-viajo-a-zonas-afectadas-por-sismo\/","title":{"rendered":"Presidente Vizcarra viaj\u00f3 a zonas afectadas por sismo"},"content":{"rendered":"<p><strong><span style=\"color: #000000;\">El presidente Mart\u00edn Vizcarra viaj\u00f3 a Yurimaguas y diversos ministros de Estado se trasladaron a las zonas afectadas por el sismo de magnitud 7.5 que sacudi\u00f3 esta madrugada a la regi\u00f3n Loreto.<\/span><\/strong><\/p>\n<p><span style=\"color: #000000;\"><strong>Lima, 26 Mayo 2019, (ANDINA).-<\/strong> El presidente Mart\u00edn Vizcarra viaj\u00f3 a Yurimaguas y diversos ministros de Estado se trasladaron a las zonas afectadas por el sismo de magnitud 7.5 que sacudi\u00f3 esta madrugada a la regi\u00f3n Loreto y se sinti\u00f3 en diversas regiones del pa\u00eds.<\/span><\/p>\n<p><span style=\"color: #000000;\">Previo a su partida, desde el Grupo A\u00e9reo N\u00b0 8, Vizcarra precis\u00f3 que se trasladar\u00e1 a Yurimaguas junto a las ministras de Salud, Zulema Tomas, y de Transportes y Comunicaciones, Mar\u00eda Jara.<\/span><\/p>\n<p><span style=\"color: #000000;\">Un sismo de magnitud 7.5 sacudi\u00f3 esta madrugada la localidad de Lagunas, provincia de Alto Amazonas, regi\u00f3n Loreto, el cual se sinti\u00f3 en diversas regiones del pa\u00eds, incluyendo Lima, as\u00ed como en Colombia, Ecuador y Brasil.<\/span><\/p>\n<p><span style=\"color: #000000;\">El presidente Mart\u00edn Vizcarra se\u00f1al\u00f3 que los ministros de Estado se desplazar\u00e1n en las zonas afectadas para coordinar las acciones de atenci\u00f3n a la poblaci\u00f3n afectada por el sismo.<\/span><\/p>\n<p><span style=\"color: #000000;\">Detall\u00f3 que el presidente del Consejo de Ministros, Salvador del Solar se dirigir\u00e1 hacia Tarapoto, acompa\u00f1ado del ministro de Vivienda, Miguel Estrada.<\/span><\/p>\n<p><span style=\"color: #000000;\">\u201cLa ministra de la Producci\u00f3n est\u00e1 viajando a Iquitos, y el ministro del Interior est\u00e1 viajando a Pucallpa\u00bb, agreg\u00f3.<\/span><\/p>\n<p><span style=\"color: #000000;\">Vizcarra remarc\u00f3 que \u00e9l y los ministros coordinar\u00e1n directamente con las autoridades regionales y locales para tener una r\u00e1pida respuesta y atender a las personas afectadas.<\/span><\/p>\n<p><span style=\"color: #000000;\">\u00abEl sismo ha impactado a ocho regiones del pa\u00eds. Hemos recabado la primera informaci\u00f3n que se va a corroborar en el lugar\u00bb, indic\u00f3.<\/span><\/p>\n<p><img fetchpriority=\"high\" decoding=\"async\" class=\"aligncenter size-full wp-image-49731\" src=\"http:\/\/elinformanteperu.com\/wp-content\/uploads\/2019\/05\/igp-vizcarra.jpg\" alt=\"\" width=\"500\" height=\"333\" srcset=\"https:\/\/elinformanteperu.com\/wp-content\/uploads\/2019\/05\/igp-vizcarra.jpg 500w, https:\/\/elinformanteperu.com\/wp-content\/uploads\/2019\/05\/igp-vizcarra-300x200.jpg 300w, https:\/\/elinformanteperu.com\/wp-content\/uploads\/2019\/05\/igp-vizcarra-128x85.jpg 128w, https:\/\/elinformanteperu.com\/wp-content\/uploads\/2019\/05\/igp-vizcarra-32x21.jpg 32w\" sizes=\"(max-width: 500px) 100vw, 500px\" \/><\/p>\n","protected":false},"excerpt":{"rendered":"<p>El presidente Mart\u00edn Vizcarra viaj\u00f3 a Yurimaguas y diversos ministros de Estado se trasladaron a las zonas afectadas por el sismo de magnitud 7.5 que sacudi\u00f3 esta madrugada a la regi\u00f3n Loreto. Lima, 26 Mayo 2019, (ANDINA).- El presidente Mart\u00edn Vizcarra viaj\u00f3 a Yurimaguas y diversos ministros de Estado se trasladaron a las zonas afectadas [&hellip;]<\/p>\n","protected":false},"author":1,"featured_media":49749,"comment_status":"open","ping_status":"open","sticky":false,"template":"","format":"standard","meta":{"rop_custom_images_group":[],"rop_custom_messages_group":[],"rop_publish_now":"initial","rop_publish_now_accounts":[],"rop_publish_now_history":[],"rop_publish_now_status":"pending","footnotes":""},"categories":[5],"tags":[289,4462],"class_list":["post-49748","post","type-post","status-publish","format-standard","has-post-thumbnail","hentry","category-actualidad-informativa","tag-martin-vizcarra","tag-sismo-loreto-2019"],"_links":{"self":[{"href":"https:\/\/elinformanteperu.com\/index.php\/wp-json\/wp\/v2\/posts\/49748","targetHints":{"allow":["GET"]}}],"collection":[{"href":"https:\/\/elinformanteperu.com\/index.php\/wp-json\/wp\/v2\/posts"}],"about":[{"href":"https:\/\/elinformanteperu.com\/index.php\/wp-json\/wp\/v2\/types\/post"}],"author":[{"embeddable":true,"href":"https:\/\/elinformanteperu.com\/index.php\/wp-json\/wp\/v2\/users\/1"}],"replies":[{"embeddable":true,"href":"https:\/\/elinformanteperu.com\/index.php\/wp-json\/wp\/v2\/comments?post=49748"}],"version-history":[{"count":1,"href":"https:\/\/elinformanteperu.com\/index.php\/wp-json\/wp\/v2\/posts\/49748\/revisions"}],"predecessor-version":[{"id":49750,"href":"https:\/\/elinformanteperu.com\/index.php\/wp-json\/wp\/v2\/posts\/49748\/revisions\/49750"}],"wp:featuredmedia":[{"embeddable":true,"href":"https:\/\/elinformanteperu.com\/index.php\/wp-json\/wp\/v2\/media\/49749"}],"wp:attachment":[{"href":"https:\/\/elinformanteperu.com\/index.php\/wp-json\/wp\/v2\/media?parent=49748"}],"wp:term":[{"taxonomy":"category","embeddable":true,"href":"https:\/\/elinformanteperu.com\/index.php\/wp-json\/wp\/v2\/categories?post=49748"},{"taxonomy":"post_tag","embeddable":true,"href":"https:\/\/elinformanteperu.com\/index.php\/wp-json\/wp\/v2\/tags?post=49748"}],"curies":[{"name":"wp","href":"https:\/\/api.w.org\/{rel}","templated":true}]}}