{"id":49744,"date":"2019-05-26T22:36:19","date_gmt":"2019-05-27T03:36:19","guid":{"rendered":"http:\/\/elinformanteperu.com\/?p=49744"},"modified":"2019-05-26T22:36:19","modified_gmt":"2019-05-27T03:36:19","slug":"presidente-vizcarra-pide-calma-tras-fuerte-sismo-registrado-esta-madrugada","status":"publish","type":"post","link":"https:\/\/elinformanteperu.com\/index.php\/2019\/05\/26\/presidente-vizcarra-pide-calma-tras-fuerte-sismo-registrado-esta-madrugada\/","title":{"rendered":"Presidente Vizcarra pide calma tras fuerte sismo registrado esta madrugada"},"content":{"rendered":"<p><strong><span style=\"color: #000000;\">El presidente de la Rep\u00fablica, Mart\u00edn Vizcarra, pidi\u00f3 a todos los ciudadanos mantener la calma, tras el fuerte movimiento tel\u00farico registrado esta madrugada.<\/span><\/strong><\/p>\n<p><span style=\"color: #000000;\"><strong>Lima, 26 Mayo 2019, (ANDINA).-<\/strong> El presidente de la Rep\u00fablica, Mart\u00edn Vizcarra, pidi\u00f3 a todos los ciudadanos mantener la calma, tras el fuerte movimiento tel\u00farico registrado esta madrugada en diversas regiones del pa\u00eds.<\/span><\/p>\n<p><span style=\"color: #000000;\">Seg\u00fan dijo a trav\u00e9s de su cuenta en Twitter, el gobierno est\u00e1 evaluando las zonas afectadas y el Centro de Operaciones de Emergencia Nacional (COEN) viene monitoreando la situaci\u00f3n.<\/span><\/p>\n<p><span style=\"color: #000000;\">Un sismo de magnitud 7.5 sacudi\u00f3 esta madrugada la localidad de Lagunas, provincia de Alto Amazonas, regi\u00f3n Loreto, el cual se sinti\u00f3 en diversas regiones del pa\u00eds, incluyendo Lima, as\u00ed como en Colombia, Ecuador y Brasil.<\/span><\/p>\n<p><img fetchpriority=\"high\" decoding=\"async\" class=\"aligncenter size-full wp-image-49746\" src=\"http:\/\/elinformanteperu.com\/wp-content\/uploads\/2019\/05\/vizcarra-sismo-loreto1.jpg\" alt=\"\" width=\"523\" height=\"250\" srcset=\"https:\/\/elinformanteperu.com\/wp-content\/uploads\/2019\/05\/vizcarra-sismo-loreto1.jpg 523w, https:\/\/elinformanteperu.com\/wp-content\/uploads\/2019\/05\/vizcarra-sismo-loreto1-300x143.jpg 300w, https:\/\/elinformanteperu.com\/wp-content\/uploads\/2019\/05\/vizcarra-sismo-loreto1-128x61.jpg 128w, https:\/\/elinformanteperu.com\/wp-content\/uploads\/2019\/05\/vizcarra-sismo-loreto1-32x15.jpg 32w\" sizes=\"(max-width: 523px) 100vw, 523px\" \/><\/p>\n","protected":false},"excerpt":{"rendered":"<p>El presidente de la Rep\u00fablica, Mart\u00edn Vizcarra, pidi\u00f3 a todos los ciudadanos mantener la calma, tras el fuerte movimiento tel\u00farico registrado esta madrugada. Lima, 26 Mayo 2019, (ANDINA).- El presidente de la Rep\u00fablica, Mart\u00edn Vizcarra, pidi\u00f3 a todos los ciudadanos mantener la calma, tras el fuerte movimiento tel\u00farico registrado esta madrugada en diversas regiones del [&hellip;]<\/p>\n","protected":false},"author":1,"featured_media":49745,"comment_status":"open","ping_status":"open","sticky":false,"template":"","format":"standard","meta":{"rop_custom_images_group":[],"rop_custom_messages_group":[],"rop_publish_now":"initial","rop_publish_now_accounts":[],"rop_publish_now_history":[],"rop_publish_now_status":"pending","footnotes":""},"categories":[5],"tags":[289,4462],"class_list":["post-49744","post","type-post","status-publish","format-standard","has-post-thumbnail","hentry","category-actualidad-informativa","tag-martin-vizcarra","tag-sismo-loreto-2019"],"_links":{"self":[{"href":"https:\/\/elinformanteperu.com\/index.php\/wp-json\/wp\/v2\/posts\/49744","targetHints":{"allow":["GET"]}}],"collection":[{"href":"https:\/\/elinformanteperu.com\/index.php\/wp-json\/wp\/v2\/posts"}],"about":[{"href":"https:\/\/elinformanteperu.com\/index.php\/wp-json\/wp\/v2\/types\/post"}],"author":[{"embeddable":true,"href":"https:\/\/elinformanteperu.com\/index.php\/wp-json\/wp\/v2\/users\/1"}],"replies":[{"embeddable":true,"href":"https:\/\/elinformanteperu.com\/index.php\/wp-json\/wp\/v2\/comments?post=49744"}],"version-history":[{"count":1,"href":"https:\/\/elinformanteperu.com\/index.php\/wp-json\/wp\/v2\/posts\/49744\/revisions"}],"predecessor-version":[{"id":49747,"href":"https:\/\/elinformanteperu.com\/index.php\/wp-json\/wp\/v2\/posts\/49744\/revisions\/49747"}],"wp:featuredmedia":[{"embeddable":true,"href":"https:\/\/elinformanteperu.com\/index.php\/wp-json\/wp\/v2\/media\/49745"}],"wp:attachment":[{"href":"https:\/\/elinformanteperu.com\/index.php\/wp-json\/wp\/v2\/media?parent=49744"}],"wp:term":[{"taxonomy":"category","embeddable":true,"href":"https:\/\/elinformanteperu.com\/index.php\/wp-json\/wp\/v2\/categories?post=49744"},{"taxonomy":"post_tag","embeddable":true,"href":"https:\/\/elinformanteperu.com\/index.php\/wp-json\/wp\/v2\/tags?post=49744"}],"curies":[{"name":"wp","href":"https:\/\/api.w.org\/{rel}","templated":true}]}}