{"id":49321,"date":"2019-05-20T00:24:03","date_gmt":"2019-05-20T05:24:03","guid":{"rendered":"http:\/\/elinformanteperu.com\/?p=49321"},"modified":"2019-05-20T01:04:42","modified_gmt":"2019-05-20T06:04:42","slug":"correos-revelan-coordinaciones-entre-oas-y-augusto-rey","status":"publish","type":"post","link":"https:\/\/elinformanteperu.com\/index.php\/2019\/05\/20\/correos-revelan-coordinaciones-entre-oas-y-augusto-rey\/","title":{"rendered":"Correos revelan coordinaciones entre OAS y Augusto Rey"},"content":{"rendered":"<p><strong><span style=\"color: #000000;\">Augusto Rey, exregidor de la Municipalidad de Lima en la gesti\u00f3n de la exalcaldesa Susana Villar\u00e1n, realiz\u00f3 coordinaciones con representantes de la empresa brasile\u00f1a OAS.<\/span><\/strong><\/p>\n<p><span style=\"color: #000000;\"><strong>Lima, 19 Mayo 2019, (ANDINA).-<\/strong> Augusto Rey, exregidor de la Municipalidad de Lima en la gesti\u00f3n de la exalcaldesa Susana Villar\u00e1n, realiz\u00f3 coordinaciones con representantes de la empresa brasile\u00f1a OAS, seg\u00fan una serie de correos electr\u00f3nicos mostrados por el programa Panorama.<\/span><\/p>\n<p><span style=\"color: #000000;\">Los mensajes se enviaron a Rey en su condici\u00f3n de asesor de la Gerencia de Promoci\u00f3n de la Inversi\u00f3n Privada de la comuna capitalina, cargo para el que fue contratado en el 2011.<\/span><\/p>\n<p><span style=\"color: #000000;\">Uno de los correos es del 7 de febrero de 2012 y da cuenta de una conversaci\u00f3n con Valfredo de Assis (de OAS), representante de la constructora brasile\u00f1a en 2012.<\/span><\/p>\n<p><span style=\"color: #000000;\">\u201cJos\u00e9 Miguel me llam\u00f3 ayer por tel\u00e9fono para hablar de los temas m\u00e1s importantes y de corto plazo, ahora en curso. Me cobr\u00f3 la firma del acta\u201d, dice el exdirectivo.<\/span><\/p>\n<p><span style=\"color: #000000;\">Consultado sobre esta comunicaci\u00f3n, Rey declar\u00f3 a Panorama que \u00e9l no pod\u00eda saber qu\u00e9 conversaciones habr\u00eda tenido la alta direcci\u00f3n o en la oficina del gerente municipal \u201cdonde yo no he tenido ning\u00fan sitio\u201d.<\/span><\/p>\n<p><span style=\"color: #000000;\">En otro mensaje, Rey pide donativos de \u201cpanetoncitos\u201d para una campa\u00f1a navide\u00f1a, mientras que en otro, conversa con los representantes de OAS para solventar los gastos de sepelio de un shipibo que viv\u00eda en zona de riesgo de la obra V\u00eda Parque R\u00edmac.<\/span><\/p>\n<p><span style=\"color: #000000;\">Adem\u00e1s de Valfredo de Assis, Rey tambi\u00e9n mantuvo comunicaciones, que se remontan a febrero de 2012, con Andre Gavinia Bianchi, exgerente general del proyecto L\u00ednea Amarilla.<\/span><\/p>\n<p><span style=\"color: #000000;\">\u00abAugusto, queremos firmar la acta [sic] hoy d\u00eda. Por favor se informe c\u00f3mo est\u00e1 el proceso dentro de la mml )(Municipalidad Metropolitana de Lima) (\u2026) Si firmamos hoy d\u00eda, ma\u00f1ana hacemos el dep\u00f3sito a ustedes\u00bb.<\/span><\/p>\n<p><span style=\"color: #000000;\">Horas despu\u00e9s, Bianchi insiste con Rey: \u00abAugusto, estoy ac\u00e1 con el Banco estructurador de la financiaci\u00f3n externa y est\u00e1n me preguntando sobre el acta. Crees que puede me enviar el acta, aunque todav\u00eda no est\u00e9 firmada por las dos partes\u00bb. Cuarenta minutos despu\u00e9s el exfuncionario respondi\u00f3: \u00abActa enviada\u00bb.<\/span><\/p>\n<p><span style=\"color: #000000;\">Sobre esta conversaci\u00f3n, Rey afirm\u00f3 que se trata de un correo p\u00fablico institucional de un di\u00e1logo transparente que no oculta nada.<\/span><\/p>\n<p><span style=\"color: #000000;\">Asimismo, correos enviados por exregidor revelaron que exist\u00eda un equipo de trabajo de campo de la Municipalidad de Lima, liderado por Jaime Mercado Cussi\u00e1novich. El exregidor le pide a OAS apoyo para la \u00abcaja chica\u00bb y el pago de los salarios para los integrantes de dicho equipo.<\/span><\/p>\n<p><span style=\"color: #000000;\">El 2011 Villar\u00e1n suscribi\u00f3 una adenda con OAS mediante la cual se comprometi\u00f3 a ampliar la concesi\u00f3n del proyecto L\u00ednea Amarilla, que pas\u00f3 a llamarse V\u00eda Parque R\u00edmac, de 30 a 40 a\u00f1os.<\/span><\/p>\n<p><iframe title=\"EXCLUSIVO | Gesti\u00f3n Villar\u00e1n con Augusto Rey: correos revelan coordinaciones con OAS\" width=\"615\" height=\"461\" src=\"https:\/\/www.youtube.com\/embed\/qFay_HRDwrE?feature=oembed\" frameborder=\"0\" allow=\"accelerometer; autoplay; clipboard-write; encrypted-media; gyroscope; picture-in-picture; web-share\" referrerpolicy=\"strict-origin-when-cross-origin\" allowfullscreen><\/iframe><\/p>\n","protected":false},"excerpt":{"rendered":"<p>Augusto Rey, exregidor de la Municipalidad de Lima en la gesti\u00f3n de la exalcaldesa Susana Villar\u00e1n, realiz\u00f3 coordinaciones con representantes de la empresa brasile\u00f1a OAS. Lima, 19 Mayo 2019, (ANDINA).- Augusto Rey, exregidor de la Municipalidad de Lima en la gesti\u00f3n de la exalcaldesa Susana Villar\u00e1n, realiz\u00f3 coordinaciones con representantes de la empresa brasile\u00f1a OAS, [&hellip;]<\/p>\n","protected":false},"author":1,"featured_media":49322,"comment_status":"open","ping_status":"open","sticky":false,"template":"","format":"standard","meta":{"rop_custom_images_group":[],"rop_custom_messages_group":[],"rop_publish_now":"initial","rop_publish_now_accounts":[],"rop_publish_now_history":[],"rop_publish_now_status":"pending","footnotes":""},"categories":[5],"tags":[2459,2132,619,776],"class_list":["post-49321","post","type-post","status-publish","format-standard","has-post-thumbnail","hentry","category-actualidad-informativa","tag-augusto-rey","tag-oas","tag-odebrecht","tag-susana-villaran"],"_links":{"self":[{"href":"https:\/\/elinformanteperu.com\/index.php\/wp-json\/wp\/v2\/posts\/49321","targetHints":{"allow":["GET"]}}],"collection":[{"href":"https:\/\/elinformanteperu.com\/index.php\/wp-json\/wp\/v2\/posts"}],"about":[{"href":"https:\/\/elinformanteperu.com\/index.php\/wp-json\/wp\/v2\/types\/post"}],"author":[{"embeddable":true,"href":"https:\/\/elinformanteperu.com\/index.php\/wp-json\/wp\/v2\/users\/1"}],"replies":[{"embeddable":true,"href":"https:\/\/elinformanteperu.com\/index.php\/wp-json\/wp\/v2\/comments?post=49321"}],"version-history":[{"count":3,"href":"https:\/\/elinformanteperu.com\/index.php\/wp-json\/wp\/v2\/posts\/49321\/revisions"}],"predecessor-version":[{"id":49328,"href":"https:\/\/elinformanteperu.com\/index.php\/wp-json\/wp\/v2\/posts\/49321\/revisions\/49328"}],"wp:featuredmedia":[{"embeddable":true,"href":"https:\/\/elinformanteperu.com\/index.php\/wp-json\/wp\/v2\/media\/49322"}],"wp:attachment":[{"href":"https:\/\/elinformanteperu.com\/index.php\/wp-json\/wp\/v2\/media?parent=49321"}],"wp:term":[{"taxonomy":"category","embeddable":true,"href":"https:\/\/elinformanteperu.com\/index.php\/wp-json\/wp\/v2\/categories?post=49321"},{"taxonomy":"post_tag","embeddable":true,"href":"https:\/\/elinformanteperu.com\/index.php\/wp-json\/wp\/v2\/tags?post=49321"}],"curies":[{"name":"wp","href":"https:\/\/api.w.org\/{rel}","templated":true}]}}