{"id":49319,"date":"2019-05-20T00:20:34","date_gmt":"2019-05-20T05:20:34","guid":{"rendered":"http:\/\/elinformanteperu.com\/?p=49319"},"modified":"2019-05-20T00:20:34","modified_gmt":"2019-05-20T05:20:34","slug":"presidenta-de-comision-de-etica-realizo-doble-cobro-por-representacion","status":"publish","type":"post","link":"https:\/\/elinformanteperu.com\/index.php\/2019\/05\/20\/presidenta-de-comision-de-etica-realizo-doble-cobro-por-representacion\/","title":{"rendered":"Presidenta de Comisi\u00f3n de \u00c9tica realiz\u00f3 doble cobro por representaci\u00f3n"},"content":{"rendered":"<p><strong><span style=\"color: #000000;\">La presidenta de la Comisi\u00f3n de \u00c9tica, Janet S\u00e1nchez (Peruanos por el Kambio), cobr\u00f3 el cheque de S\/ 2,800 por Semana de Representaci\u00f3n, correspondiente a noviembre del 2017.<\/span><\/strong><\/p>\n<p><span style=\"color: #000000;\"><strong>Lima, 19 Mayo 2019, (ANDINA).-<\/strong> La presidenta de la Comisi\u00f3n de \u00c9tica, Janet S\u00e1nchez (Peruanos por el Kambio), cobr\u00f3 el cheque de S\/ 2,800 por Semana de Representaci\u00f3n, correspondiente a noviembre del 2017, as\u00ed como los vi\u00e1ticos y pasajes por asistir a un evento en Brasil, el cual coincidi\u00f3 con el periodo en que los legisladores se re\u00fanen con la poblaci\u00f3n a la que representan.<\/span><\/p>\n<p><span style=\"color: #000000;\">Seg\u00fan revel\u00f3 el programa Cuarto Poder, en noviembre del 2017 la Semana de Representaci\u00f3n se realiz\u00f3 del d\u00eda 20 al d\u00eda 24 de ese mes, mientras que la actividad sobre comercio a la que asisti\u00f3 S\u00e1nchez en el vecino pa\u00eds, tuvo lugar del 21 al 24.<\/span><\/p>\n<p><span style=\"color: #000000;\">La legisladora explic\u00f3 que hizo el doble cobro por desconocimiento, pues, asegur\u00f3, estaba convencida de que un congresista pod\u00eda desarrollar la representaci\u00f3n nacional e internacional sin ning\u00fan inconveniente.<\/span><\/p>\n<p><span style=\"color: #000000;\">\u201cNo ha sido un tema premeditado ni mucho menos\u201d, sostuvo S\u00e1nchez, quien indic\u00f3 que ya hab\u00eda subsanado el error al devolver el monto que recibi\u00f3 por Semana de Representaci\u00f3n.<\/span><\/p>\n<p><span style=\"color: #000000;\">Consultada sobre por qu\u00e9 no se han formalizado las denuncias contra sus colegas que incurrieron en el doble cobro, la parlamentaria indic\u00f3 que se deb\u00eda a la recargada agenda de su grupo de trabajo y no por un af\u00e1n de encubrimiento.<\/span><\/p>\n<p><span style=\"color: #000000;\">Es m\u00e1s, dijo que frente a una eventual denuncia en su contra por este motivo, ella \u201cbajar\u00eda al llano\u201d para que uno de sus colegas asuma la presidencia moment\u00e1neamente y la investigue.<\/span><\/p>\n<p><span style=\"color: #000000;\">Cuarto Poder revel\u00f3 tambi\u00e9n que informes de S\u00e1nchez por Semana de Representaci\u00f3n de febrero de 2017 y octubre de 2018 que muestran imprecisiones. En el primer caso consign\u00f3 una reuni\u00f3n con pobladores y un gremio que no se realiz\u00f3, mientras que en el segundo, un encuentro que tuvo lugar en otra fecha.<\/span><\/p>\n","protected":false},"excerpt":{"rendered":"<p>La presidenta de la Comisi\u00f3n de \u00c9tica, Janet S\u00e1nchez (Peruanos por el Kambio), cobr\u00f3 el cheque de S\/ 2,800 por Semana de Representaci\u00f3n, correspondiente a noviembre del 2017. Lima, 19 Mayo 2019, (ANDINA).- La presidenta de la Comisi\u00f3n de \u00c9tica, Janet S\u00e1nchez (Peruanos por el Kambio), cobr\u00f3 el cheque de S\/ 2,800 por Semana de [&hellip;]<\/p>\n","protected":false},"author":1,"featured_media":31377,"comment_status":"open","ping_status":"open","sticky":false,"template":"","format":"standard","meta":{"rop_custom_images_group":[],"rop_custom_messages_group":[],"rop_publish_now":"initial","rop_publish_now_accounts":[],"rop_publish_now_history":[],"rop_publish_now_status":"pending","footnotes":""},"categories":[5],"tags":[192,1357,165,73],"class_list":["post-49319","post","type-post","status-publish","format-standard","has-post-thumbnail","hentry","category-actualidad-informativa","tag-congreso","tag-janet-sanchez","tag-peruanos-por-el-kambio","tag-ppk"],"_links":{"self":[{"href":"https:\/\/elinformanteperu.com\/index.php\/wp-json\/wp\/v2\/posts\/49319","targetHints":{"allow":["GET"]}}],"collection":[{"href":"https:\/\/elinformanteperu.com\/index.php\/wp-json\/wp\/v2\/posts"}],"about":[{"href":"https:\/\/elinformanteperu.com\/index.php\/wp-json\/wp\/v2\/types\/post"}],"author":[{"embeddable":true,"href":"https:\/\/elinformanteperu.com\/index.php\/wp-json\/wp\/v2\/users\/1"}],"replies":[{"embeddable":true,"href":"https:\/\/elinformanteperu.com\/index.php\/wp-json\/wp\/v2\/comments?post=49319"}],"version-history":[{"count":1,"href":"https:\/\/elinformanteperu.com\/index.php\/wp-json\/wp\/v2\/posts\/49319\/revisions"}],"predecessor-version":[{"id":49320,"href":"https:\/\/elinformanteperu.com\/index.php\/wp-json\/wp\/v2\/posts\/49319\/revisions\/49320"}],"wp:featuredmedia":[{"embeddable":true,"href":"https:\/\/elinformanteperu.com\/index.php\/wp-json\/wp\/v2\/media\/31377"}],"wp:attachment":[{"href":"https:\/\/elinformanteperu.com\/index.php\/wp-json\/wp\/v2\/media?parent=49319"}],"wp:term":[{"taxonomy":"category","embeddable":true,"href":"https:\/\/elinformanteperu.com\/index.php\/wp-json\/wp\/v2\/categories?post=49319"},{"taxonomy":"post_tag","embeddable":true,"href":"https:\/\/elinformanteperu.com\/index.php\/wp-json\/wp\/v2\/tags?post=49319"}],"curies":[{"name":"wp","href":"https:\/\/api.w.org\/{rel}","templated":true}]}}