{"id":49306,"date":"2019-05-19T23:56:56","date_gmt":"2019-05-20T04:56:56","guid":{"rendered":"http:\/\/elinformanteperu.com\/?p=49306"},"modified":"2019-05-19T23:56:56","modified_gmt":"2019-05-20T04:56:56","slug":"ley-de-plastico-de-un-solo-uso-reglamento-se-presentara-en-junio","status":"publish","type":"post","link":"https:\/\/elinformanteperu.com\/index.php\/2019\/05\/19\/ley-de-plastico-de-un-solo-uso-reglamento-se-presentara-en-junio\/","title":{"rendered":"Ley de pl\u00e1stico de un solo uso: reglamento se presentar\u00e1 en junio"},"content":{"rendered":"<p><strong><span style=\"color: #000000;\">La ministra del Ambiente, Luc\u00eda Ru\u00edz, asegur\u00f3 que en junio se presentar\u00e1 el reglamento de la ley que regula el pl\u00e1stico de un solo uso y los recipientes o envases descartables.<\/span><\/strong><\/p>\n<p><span style=\"color: #000000;\"><strong>Lima, 19 Mayo 2019, (ANDINA).-<\/strong> La ministra del Ambiente, Luc\u00eda Ru\u00edz, asegur\u00f3 que en junio se presentar\u00e1 el reglamento de la ley que regula el pl\u00e1stico de un solo uso y los recipientes o envases descartables, norma aprobada por el Congreso.<\/span><\/p>\n<p><span style=\"color: #000000;\">Sostuvo que dicho dispositivo legal se trabaja en consulta con los representantes de la empresa privada, organizaciones sociales y el Estado para recoger sus aportes.<\/span><\/p>\n<p><span style=\"color: #000000;\">Precis\u00f3, adem\u00e1s, que va en la misma l\u00ednea de la ley del pl\u00e1stico, una norma bastante precisa y completa, aprobada por unanimidad el diciembre por el Parlamento.<\/span><\/p>\n<p><span style=\"color: #000000;\">\u201cB\u00e1sicamente se est\u00e1 viendo si es se va a imponer un impuesto a las bolsas de pl\u00e1stico, desde cu\u00e1ndo y c\u00f3mo; o si se cobra por el uso de las bolsas, desde cu\u00e1ndo y c\u00f3mo\u201d, apunt\u00f3 Andina Andina.<\/span><\/p>\n<p><span style=\"color: #000000;\">Se ver\u00e1, adem\u00e1s, c\u00f3mo se hace logra que la poblaci\u00f3n deje de usar pl\u00e1stico y el acceso a innovaci\u00f3n tecnol\u00f3gica de las empresas a fin de tener otras alternativas suced\u00e1neas al uso de ese material.<\/span><\/p>\n<p><span style=\"color: #000000;\">La ministra asegur\u00f3 que se ha convocado a diversos sectores de la sociedad, justamente porque se busca que el reglamento recoja sus preocupaciones para encontrar en conjunto soluciones a sus inquietudes.<\/span><\/p>\n<p><span style=\"color: #000000;\">La ley en menci\u00f3n regula el uso de pl\u00e1stico de un solo uso, recipientes o envases descartables de tecnopor en todo el pa\u00eds, materiales identificados como altamente contaminantes del medio ambiente.<\/span><\/p>\n<p><span style=\"color: #000000;\">Como medida para frenar su uso y preservar as\u00ed el ecosistema, la ley dispone que los supermercados, autoservicios, almacenes y comercios tienen un plazo de 36 meses para reemplazar de forma progresiva la entrega de bolsas de pl\u00e1stico no reutilizables por bolsas reutilizables o biodegradables.<\/span><\/p>\n<p><span style=\"color: #000000;\">Crea tambi\u00e9n un impuesto a las bolsas de pl\u00e1stico, que debe entra en vigencia en agosto de 2019.<\/span><\/p>\n","protected":false},"excerpt":{"rendered":"<p>La ministra del Ambiente, Luc\u00eda Ru\u00edz, asegur\u00f3 que en junio se presentar\u00e1 el reglamento de la ley que regula el pl\u00e1stico de un solo uso y los recipientes o envases descartables. Lima, 19 Mayo 2019, (ANDINA).- La ministra del Ambiente, Luc\u00eda Ru\u00edz, asegur\u00f3 que en junio se presentar\u00e1 el reglamento de la ley que regula [&hellip;]<\/p>\n","protected":false},"author":1,"featured_media":49307,"comment_status":"open","ping_status":"open","sticky":false,"template":"","format":"standard","meta":{"rop_custom_images_group":[],"rop_custom_messages_group":[],"rop_publish_now":"initial","rop_publish_now_accounts":[],"rop_publish_now_history":[],"rop_publish_now_status":"pending","footnotes":""},"categories":[5],"tags":[4392,368],"class_list":["post-49306","post","type-post","status-publish","format-standard","has-post-thumbnail","hentry","category-actualidad-informativa","tag-lucia-ruiz","tag-minam"],"_links":{"self":[{"href":"https:\/\/elinformanteperu.com\/index.php\/wp-json\/wp\/v2\/posts\/49306","targetHints":{"allow":["GET"]}}],"collection":[{"href":"https:\/\/elinformanteperu.com\/index.php\/wp-json\/wp\/v2\/posts"}],"about":[{"href":"https:\/\/elinformanteperu.com\/index.php\/wp-json\/wp\/v2\/types\/post"}],"author":[{"embeddable":true,"href":"https:\/\/elinformanteperu.com\/index.php\/wp-json\/wp\/v2\/users\/1"}],"replies":[{"embeddable":true,"href":"https:\/\/elinformanteperu.com\/index.php\/wp-json\/wp\/v2\/comments?post=49306"}],"version-history":[{"count":1,"href":"https:\/\/elinformanteperu.com\/index.php\/wp-json\/wp\/v2\/posts\/49306\/revisions"}],"predecessor-version":[{"id":49308,"href":"https:\/\/elinformanteperu.com\/index.php\/wp-json\/wp\/v2\/posts\/49306\/revisions\/49308"}],"wp:featuredmedia":[{"embeddable":true,"href":"https:\/\/elinformanteperu.com\/index.php\/wp-json\/wp\/v2\/media\/49307"}],"wp:attachment":[{"href":"https:\/\/elinformanteperu.com\/index.php\/wp-json\/wp\/v2\/media?parent=49306"}],"wp:term":[{"taxonomy":"category","embeddable":true,"href":"https:\/\/elinformanteperu.com\/index.php\/wp-json\/wp\/v2\/categories?post=49306"},{"taxonomy":"post_tag","embeddable":true,"href":"https:\/\/elinformanteperu.com\/index.php\/wp-json\/wp\/v2\/tags?post=49306"}],"curies":[{"name":"wp","href":"https:\/\/api.w.org\/{rel}","templated":true}]}}