{"id":49304,"date":"2019-05-19T23:43:58","date_gmt":"2019-05-20T04:43:58","guid":{"rendered":"http:\/\/elinformanteperu.com\/?p=49304"},"modified":"2019-05-19T23:43:58","modified_gmt":"2019-05-20T04:43:58","slug":"guillen-denuncia-de-avalos-contra-chavarry-pondra-a-prueba-al-congreso","status":"publish","type":"post","link":"https:\/\/elinformanteperu.com\/index.php\/2019\/05\/19\/guillen-denuncia-de-avalos-contra-chavarry-pondra-a-prueba-al-congreso\/","title":{"rendered":"Guill\u00e9n: denuncia de \u00c1valos contra Ch\u00e1varry pondr\u00e1 a prueba al Congreso"},"content":{"rendered":"<p><strong><span style=\"color: #000000;\">La denuncia constitucional que interpuso la fiscal de la Naci\u00f3n, Zoraida \u00c1valos, contra su antecesor, Pedro Ch\u00e1varry pondr\u00e1 a prueba al Congreso y a los legisladores que blindan a ciertos magistrados.<\/span><\/strong><\/p>\n<p><span style=\"color: #000000;\"><strong>Lima, 19 Mayo 2019, (ANDINA).-<\/strong> La denuncia constitucional que interpuso la fiscal de la Naci\u00f3n, Zoraida \u00c1valos, contra su antecesor, Pedro Ch\u00e1varry, por el deslacrado de oficinas en el Ministerio P\u00fablico, pondr\u00e1 a prueba al Congreso y a los legisladores que blindan a ciertos magistrados, consider\u00f3 el exfiscal supremo Avelino Guill\u00e9n.<\/span><\/p>\n<p><span style=\"color: #000000;\">\u201cEs una prueba m\u00e1s para los congresistas que viene sosteniendo una permanente pol\u00edtica de blindaje a determinado magistrados. Esperamos que el Congreso d\u00e9 tramite a la denuncia y la eval\u00fae en estricta observancia a la Constituci\u00f3n y a la ley\u201d, manifest\u00f3 a la Agencia Andina.<\/span><\/p>\n<p><span style=\"color: #000000;\">Aunque la Subcomisi\u00f3n de Acusaciones Constitucionales del Congreso archiv\u00f3 en abril pasado una denuncia por el mismo caso contra Ch\u00e1varry Vallejos, el exmagistrado dijo que el Parlamento puede ahora rectificarse de esa decisi\u00f3n.<\/span><\/p>\n<p><span style=\"color: #000000;\">Mencion\u00f3 que, por loconocido a trav\u00e9s de diversos medios period\u00edsticos, la denuncia constitucional contra el exfiscal de la Naci\u00f3n est\u00e1 fundamentada en diversos testimonios y pruebas.<\/span><\/p>\n<p><span style=\"color: #000000;\">\u201cPor mandato de la ley la fiscal de la Naci\u00f3n, Zoraida \u00c1valos ha llevado la investigaci\u00f3n preliminar contra Pedro Ch\u00e1varry y ha presentado una denuncia constitucional debidamente fundamentada. En consecuencia, la actividad del Ministerio P\u00fablico ya culmin\u00f3 y ahora el tema est\u00e1 en el Congreso\u201d, indic\u00f3.<\/span><\/p>\n<p><span style=\"color: #000000;\">No obstante, se\u00f1al\u00f3 que, en cumplimiento del art\u00edculo 89 del Reglamento del Congreso, la acusaci\u00f3n contra Ch\u00e1varry Vallejos no podr\u00e1 tramitarse en la presente legislatura, sino en la pr\u00f3xima, a iniciarse en julio.<\/span><\/p>\n<p><span style=\"color: #000000;\">El exfiscal supremo mencion\u00f3 tambi\u00e9n que la situaci\u00f3n en el Ministerio P\u00fablico es muy complicada, no solo por el caso de Pedro Ch\u00e1varry, sino porque otros integrantes de la Junta de Fiscales Supremos tienen diferentes cuestionamientos y permanecen en funciones.<\/span><\/p>\n<p><span style=\"color: #000000;\">Por ello, consider\u00f3 que el Ministerio P\u00fablico (MP) ser\u00e1 objeto de una evaluaci\u00f3n integral por parte de la Junta Nacional de Justicia (JNJ), que remplazar\u00e1 al desactivado Consejo Nacional de la Magistratura (CNM).<\/span><\/p>\n<p><span style=\"color: #000000;\">\u201cObviamente en esa evaluaci\u00f3n tienen que participar todos los fiscales encabezados por la propia fiscal \u00c1valos porque los interesados en cambiar la imagen del Ministerio P\u00fablico son los propios fiscales. Una prueba de ello, es el trabajo que hace el equipo Lava Jato y muchos fiscales del pa\u00eds\u201d, expres\u00f3.<\/span><\/p>\n<p><span style=\"color: #000000;\">El \u00faltimo mi\u00e9rcoles, la fiscal de la Naci\u00f3n, Zoraida \u00c1valos, present\u00f3 denuncia constitucional contra su antecesor y actual fiscal supremo, Pedro Ch\u00e1varry, por los presuntos delitos de encubrimiento real, encubrimiento personal y atentado contra la conservaci\u00f3n e identidad de objetos.<\/span><\/p>\n<p><span style=\"color: #000000;\">La acusaci\u00f3n es por la irrupci\u00f3n en oficinas del Ministerio P\u00fablico, que hab\u00edan sido lacradas por orden del fiscal Jos\u00e9 Domingo P\u00e9rez, desde donde se sustrajeron documentos.<\/span><\/p>\n","protected":false},"excerpt":{"rendered":"<p>La denuncia constitucional que interpuso la fiscal de la Naci\u00f3n, Zoraida \u00c1valos, contra su antecesor, Pedro Ch\u00e1varry pondr\u00e1 a prueba al Congreso y a los legisladores que blindan a ciertos magistrados. Lima, 19 Mayo 2019, (ANDINA).- La denuncia constitucional que interpuso la fiscal de la Naci\u00f3n, Zoraida \u00c1valos, contra su antecesor, Pedro Ch\u00e1varry, por el [&hellip;]<\/p>\n","protected":false},"author":1,"featured_media":8098,"comment_status":"open","ping_status":"open","sticky":false,"template":"","format":"standard","meta":{"rop_custom_images_group":[],"rop_custom_messages_group":[],"rop_publish_now":"initial","rop_publish_now_accounts":[],"rop_publish_now_history":[],"rop_publish_now_status":"pending","footnotes":""},"categories":[5],"tags":[1339,192,370,3209,3426],"class_list":["post-49304","post","type-post","status-publish","format-standard","has-post-thumbnail","hentry","category-actualidad-informativa","tag-avelino-guillen","tag-congreso","tag-ministerio-publico","tag-pedro-chavarry","tag-zoraida-avalos"],"_links":{"self":[{"href":"https:\/\/elinformanteperu.com\/index.php\/wp-json\/wp\/v2\/posts\/49304","targetHints":{"allow":["GET"]}}],"collection":[{"href":"https:\/\/elinformanteperu.com\/index.php\/wp-json\/wp\/v2\/posts"}],"about":[{"href":"https:\/\/elinformanteperu.com\/index.php\/wp-json\/wp\/v2\/types\/post"}],"author":[{"embeddable":true,"href":"https:\/\/elinformanteperu.com\/index.php\/wp-json\/wp\/v2\/users\/1"}],"replies":[{"embeddable":true,"href":"https:\/\/elinformanteperu.com\/index.php\/wp-json\/wp\/v2\/comments?post=49304"}],"version-history":[{"count":1,"href":"https:\/\/elinformanteperu.com\/index.php\/wp-json\/wp\/v2\/posts\/49304\/revisions"}],"predecessor-version":[{"id":49305,"href":"https:\/\/elinformanteperu.com\/index.php\/wp-json\/wp\/v2\/posts\/49304\/revisions\/49305"}],"wp:featuredmedia":[{"embeddable":true,"href":"https:\/\/elinformanteperu.com\/index.php\/wp-json\/wp\/v2\/media\/8098"}],"wp:attachment":[{"href":"https:\/\/elinformanteperu.com\/index.php\/wp-json\/wp\/v2\/media?parent=49304"}],"wp:term":[{"taxonomy":"category","embeddable":true,"href":"https:\/\/elinformanteperu.com\/index.php\/wp-json\/wp\/v2\/categories?post=49304"},{"taxonomy":"post_tag","embeddable":true,"href":"https:\/\/elinformanteperu.com\/index.php\/wp-json\/wp\/v2\/tags?post=49304"}],"curies":[{"name":"wp","href":"https:\/\/api.w.org\/{rel}","templated":true}]}}