{"id":49302,"date":"2019-05-19T23:40:02","date_gmt":"2019-05-20T04:40:02","guid":{"rendered":"http:\/\/elinformanteperu.com\/?p=49302"},"modified":"2019-05-19T23:40:02","modified_gmt":"2019-05-20T04:40:02","slug":"jose-domingo-perez-se-espera-que-la-jnj-pueda-destituir-a-pedro-chavarry","status":"publish","type":"post","link":"https:\/\/elinformanteperu.com\/index.php\/2019\/05\/19\/jose-domingo-perez-se-espera-que-la-jnj-pueda-destituir-a-pedro-chavarry\/","title":{"rendered":"Jos\u00e9 Domingo P\u00e9rez: se espera que la JNJ pueda destituir a Pedro Ch\u00e1varry"},"content":{"rendered":"<p><strong><span style=\"color: #000000;\">Jos\u00e9 Domingo P\u00e9rez, dijo esperar que la pr\u00f3xima Junta Nacional de Justicia (JNJ), destituya de su cargo de fiscal supremo a Pedro Ch\u00e1varry.<\/span><\/strong><\/p>\n<p><span style=\"color: #000000;\"><strong>Lima, 19 Mayo 2019, (ANDINA).-<\/strong> Jos\u00e9 Domingo P\u00e9rez, fiscal del Equipo Especial para el caso Lava Jato, dijo esperar que la pr\u00f3xima Junta Nacional de Justicia (JNJ), organismo que reemplazar\u00e1 al extinto Consejo Nacional de la Magistratura, destituya de su cargo de fiscal supremo a Pedro Ch\u00e1varry.<\/span><\/p>\n<p><span style=\"color: #000000;\">P\u00e9rez dijo sentirse indignado de tener un representante en la Junta de Fiscales Supremos que haya cometido actos lamentables que no dignifican a la instituci\u00f3n.<\/span><\/p>\n<p><span style=\"color: #000000;\">\u201cSe espera que la pr\u00f3xima Junta Nacional de Justicia pueda destituir a Pedro Ch\u00e1varry de dicho cargo\u00bb, se\u00f1al\u00f3 en declaraciones a la prensa en Puno.<\/span><\/p>\n<p><span style=\"color: #000000;\">Asimismo, se\u00f1al\u00f3 que la acusaci\u00f3n presentada por la fiscal de la Naci\u00f3n, Zoraida \u00c1valos por el deslacrado de oficinas en la Fiscal\u00eda de la Naci\u00f3n \u00abes la consecuencia del tr\u00e1mite procesal de acuerdo al marco legal\u201d.<\/span><\/p>\n<p><span style=\"color: #000000;\">Respecto al cuestionamiento a las prisiones preventivas calificadas como exageradas o mal utilizadas puntualiz\u00f3 que \u00absi el fiscal no cumple con los preceptos que indica la ley, el juez no la va otorgar\u00bb.<\/span><\/p>\n<p><span style=\"color: #000000;\">Recalc\u00f3 que finalmente est\u00e1 en manos de los jueces la aplicaci\u00f3n de esta medida cautelar.<\/span><\/p>\n<p><span style=\"color: #000000;\">El fiscal P\u00e9rez particip\u00f3 como expositor principal en la conferencia magistral \u201cEstrategias de Investigaci\u00f3n en Delitos de Corrupci\u00f3n: Colaboraci\u00f3n Eficaz\u00bb, evento organizado por la Corte Superior de Justicia de Puno.<\/span><\/p>\n","protected":false},"excerpt":{"rendered":"<p>Jos\u00e9 Domingo P\u00e9rez, dijo esperar que la pr\u00f3xima Junta Nacional de Justicia (JNJ), destituya de su cargo de fiscal supremo a Pedro Ch\u00e1varry. Lima, 19 Mayo 2019, (ANDINA).- Jos\u00e9 Domingo P\u00e9rez, fiscal del Equipo Especial para el caso Lava Jato, dijo esperar que la pr\u00f3xima Junta Nacional de Justicia (JNJ), organismo que reemplazar\u00e1 al extinto [&hellip;]<\/p>\n","protected":false},"author":1,"featured_media":42054,"comment_status":"open","ping_status":"open","sticky":false,"template":"","format":"standard","meta":{"rop_custom_images_group":[],"rop_custom_messages_group":[],"rop_publish_now":"initial","rop_publish_now_accounts":[],"rop_publish_now_history":[],"rop_publish_now_status":"pending","footnotes":""},"categories":[5],"tags":[2568,3209],"class_list":["post-49302","post","type-post","status-publish","format-standard","has-post-thumbnail","hentry","category-actualidad-informativa","tag-jose-domingo-perez","tag-pedro-chavarry"],"_links":{"self":[{"href":"https:\/\/elinformanteperu.com\/index.php\/wp-json\/wp\/v2\/posts\/49302","targetHints":{"allow":["GET"]}}],"collection":[{"href":"https:\/\/elinformanteperu.com\/index.php\/wp-json\/wp\/v2\/posts"}],"about":[{"href":"https:\/\/elinformanteperu.com\/index.php\/wp-json\/wp\/v2\/types\/post"}],"author":[{"embeddable":true,"href":"https:\/\/elinformanteperu.com\/index.php\/wp-json\/wp\/v2\/users\/1"}],"replies":[{"embeddable":true,"href":"https:\/\/elinformanteperu.com\/index.php\/wp-json\/wp\/v2\/comments?post=49302"}],"version-history":[{"count":1,"href":"https:\/\/elinformanteperu.com\/index.php\/wp-json\/wp\/v2\/posts\/49302\/revisions"}],"predecessor-version":[{"id":49303,"href":"https:\/\/elinformanteperu.com\/index.php\/wp-json\/wp\/v2\/posts\/49302\/revisions\/49303"}],"wp:featuredmedia":[{"embeddable":true,"href":"https:\/\/elinformanteperu.com\/index.php\/wp-json\/wp\/v2\/media\/42054"}],"wp:attachment":[{"href":"https:\/\/elinformanteperu.com\/index.php\/wp-json\/wp\/v2\/media?parent=49302"}],"wp:term":[{"taxonomy":"category","embeddable":true,"href":"https:\/\/elinformanteperu.com\/index.php\/wp-json\/wp\/v2\/categories?post=49302"},{"taxonomy":"post_tag","embeddable":true,"href":"https:\/\/elinformanteperu.com\/index.php\/wp-json\/wp\/v2\/tags?post=49302"}],"curies":[{"name":"wp","href":"https:\/\/api.w.org\/{rel}","templated":true}]}}