{"id":49250,"date":"2019-05-19T19:30:13","date_gmt":"2019-05-20T00:30:13","guid":{"rendered":"http:\/\/elinformanteperu.com\/?p=49250"},"modified":"2019-05-19T19:30:13","modified_gmt":"2019-05-20T00:30:13","slug":"amaia-montero-envia-saludos-a-sus-seguidores-peruanos","status":"publish","type":"post","link":"https:\/\/elinformanteperu.com\/index.php\/2019\/05\/19\/amaia-montero-envia-saludos-a-sus-seguidores-peruanos\/","title":{"rendered":"Amaia Montero env\u00eda saludos a sus seguidores peruanos"},"content":{"rendered":"<p><strong><span style=\"color: #000000;\">Amaia Montero, la voz m\u00e1s popular y recordada del pop espa\u00f1ol, vuelve a Per\u00fa luego de diez a\u00f1os de ausencia. La cantante envi\u00f3 un saludo a sus fans en este pa\u00eds.<\/span><\/strong><\/p>\n<p><span style=\"color: #000000;\"><strong>Lima, 17 Mayo 2019, (ANDINA).-<\/strong> Amaia Montero, la voz m\u00e1s popular y recordada del pop espa\u00f1ol, vuelve a Per\u00fa luego de diez a\u00f1os de ausencia. As\u00ed lo confirm\u00f3 en un video, donde envi\u00f3 un saludo a sus fans en este pa\u00eds.<\/span><\/p>\n<p><span style=\"color: #000000;\">La artista llegar\u00e1 este 19 de junio con sus nost\u00e1lgicas canciones en una ocasi\u00f3n \u00fanica para disfrutar los temas que la hicieron famosa en su paso por \u201cLa Oreja de Van Gogh\u201d, as\u00ed como las canciones que hoy interpreta en su carrera solista.<\/span><\/p>\n<p><span style=\"color: #000000;\">Amaia Montero como se sabe se dio a conocer como vocalista en el grupo espa\u00f1ol con el que edit\u00f3 cuatro exitosos discos y posicion\u00f3 12 temas en el n\u00famero uno de los rankings musicales con canciones como \u201cRosas\u201d, \u201cPar\u00eds\u201d, \u201cLa Playa\u201d, entre otros temas que ahora son cl\u00e1sicos del pop en nuestro idioma.<\/span><\/p>\n<p><span style=\"color: #000000;\">La artista debut\u00f3 como solista en 2008 con su disco \u201cHom\u00f3nimo\u201d y consigui\u00f3 ubicarse en el n\u00famero 1 en la lista de los m\u00e1s vendidos en Espa\u00f1a con tres Discos de Platino y adem\u00e1s fue nominada a los Grammy Latinos en la categor\u00eda de \u00abMejor \u00c1lbum Pop Vocal Femenino\u00bb.<\/span><\/p>\n<p><span style=\"color: #000000;\">Con cuatro \u00e1lbumes de estudio en solitario, Amaia Montero presentar\u00e1 en este show temas como \u201cQuiero ser\u201d, \u201cPalabras\u201d, \u201dDarte mi vida\u201d, \u201cTu mirada\u201d, y su reciente hit \u201cNacidos para creer\u201d incluido en su m\u00e1s nueva producci\u00f3n discogr\u00e1fica.<\/span><\/p>\n<p><span style=\"color: #000000;\">El concierto se realizar\u00e1 en el C.C. Mar\u00eda Angola. Las entradas est\u00e1n a la venta en Teleticket de Wong y Metro.<\/span><\/p>\n<p><iframe title=\"SALUDO AMAIA MONTERO\" width=\"615\" height=\"346\" src=\"https:\/\/www.youtube.com\/embed\/zS2VMJYQKO8?feature=oembed\" frameborder=\"0\" allow=\"accelerometer; autoplay; clipboard-write; encrypted-media; gyroscope; picture-in-picture; web-share\" referrerpolicy=\"strict-origin-when-cross-origin\" allowfullscreen><\/iframe><\/p>\n","protected":false},"excerpt":{"rendered":"<p>Amaia Montero, la voz m\u00e1s popular y recordada del pop espa\u00f1ol, vuelve a Per\u00fa luego de diez a\u00f1os de ausencia. La cantante envi\u00f3 un saludo a sus fans en este pa\u00eds. Lima, 17 Mayo 2019, (ANDINA).- Amaia Montero, la voz m\u00e1s popular y recordada del pop espa\u00f1ol, vuelve a Per\u00fa luego de diez a\u00f1os de [&hellip;]<\/p>\n","protected":false},"author":1,"featured_media":49251,"comment_status":"open","ping_status":"open","sticky":false,"template":"","format":"standard","meta":{"rop_custom_images_group":[],"rop_custom_messages_group":[],"rop_publish_now":"initial","rop_publish_now_accounts":[],"rop_publish_now_history":[],"rop_publish_now_status":"pending","footnotes":""},"categories":[69],"tags":[2745],"class_list":["post-49250","post","type-post","status-publish","format-standard","has-post-thumbnail","hentry","category-musica","tag-amaia-montero"],"_links":{"self":[{"href":"https:\/\/elinformanteperu.com\/index.php\/wp-json\/wp\/v2\/posts\/49250","targetHints":{"allow":["GET"]}}],"collection":[{"href":"https:\/\/elinformanteperu.com\/index.php\/wp-json\/wp\/v2\/posts"}],"about":[{"href":"https:\/\/elinformanteperu.com\/index.php\/wp-json\/wp\/v2\/types\/post"}],"author":[{"embeddable":true,"href":"https:\/\/elinformanteperu.com\/index.php\/wp-json\/wp\/v2\/users\/1"}],"replies":[{"embeddable":true,"href":"https:\/\/elinformanteperu.com\/index.php\/wp-json\/wp\/v2\/comments?post=49250"}],"version-history":[{"count":1,"href":"https:\/\/elinformanteperu.com\/index.php\/wp-json\/wp\/v2\/posts\/49250\/revisions"}],"predecessor-version":[{"id":49252,"href":"https:\/\/elinformanteperu.com\/index.php\/wp-json\/wp\/v2\/posts\/49250\/revisions\/49252"}],"wp:featuredmedia":[{"embeddable":true,"href":"https:\/\/elinformanteperu.com\/index.php\/wp-json\/wp\/v2\/media\/49251"}],"wp:attachment":[{"href":"https:\/\/elinformanteperu.com\/index.php\/wp-json\/wp\/v2\/media?parent=49250"}],"wp:term":[{"taxonomy":"category","embeddable":true,"href":"https:\/\/elinformanteperu.com\/index.php\/wp-json\/wp\/v2\/categories?post=49250"},{"taxonomy":"post_tag","embeddable":true,"href":"https:\/\/elinformanteperu.com\/index.php\/wp-json\/wp\/v2\/tags?post=49250"}],"curies":[{"name":"wp","href":"https:\/\/api.w.org\/{rel}","templated":true}]}}