{"id":49246,"date":"2019-05-16T19:31:02","date_gmt":"2019-05-17T00:31:02","guid":{"rendered":"http:\/\/elinformanteperu.com\/?p=49246"},"modified":"2019-05-16T19:31:02","modified_gmt":"2019-05-17T00:31:02","slug":"presidente-vizcarra-reitera-que-no-sera-candidato-en-las-elecciones-del-2021","status":"publish","type":"post","link":"https:\/\/elinformanteperu.com\/index.php\/2019\/05\/16\/presidente-vizcarra-reitera-que-no-sera-candidato-en-las-elecciones-del-2021\/","title":{"rendered":"Presidente Vizcarra reitera que no ser\u00e1 candidato en las elecciones del 2021"},"content":{"rendered":"<p><strong><span style=\"color: #000000;\">El presidente Mart\u00edn Vizcarra reiter\u00f3 que no ser\u00e1 candidato en las elecciones generales del 2021 y pidi\u00f3 que se especifique en la reforma pol\u00edtica, discutida por el Congreso, ese impedimento.<\/span><\/strong><\/p>\n<p><span style=\"color: #000000;\"><strong>Lima, 16 Mayo 2019, (ANDINA).<\/strong>&#8211; El presidente Mart\u00edn Vizcarra reiter\u00f3 que no ser\u00e1 candidato en las elecciones generales del 2021 y pidi\u00f3 que se especifique en la reforma pol\u00edtica, discutida por el Congreso, ese impedimento.<\/span><\/p>\n<p><span style=\"color: #000000;\">Anot\u00f3 que dicha posici\u00f3n fue manifestada en la cita de ayer con los voceros de las bancadas en Palacio de Gobierno.<\/span><\/p>\n<p><span style=\"color: #000000;\">\u201cHe reiterado en la reuni\u00f3n de ayer\u2026 que no voy a participar, no ser\u00e9 candidato en las elecciones del 2021 y, es m\u00e1s, les he dicho que en una de las reformas lo pongan as\u00ed, claro y espec\u00edfico, que el actual presidente, a pesar de que asumi\u00f3 el cargo siendo vicepresidente, no puede postular\u201d, expres\u00f3 a la prensa.<\/span><\/p>\n<p><span style=\"color: #000000;\">Dijo que su gobierno quiere dejar el legado de una democracia m\u00e1s fuerte e instituciones m\u00e1s confiables.<\/span><\/p>\n<p><span style=\"color: #000000;\">\u201cYa no vamos a estar a partir del 2021. Obremos pensando en el Per\u00fa y los ciudadanos, fortalezcamos la democracia\u00bb, expres\u00f3.<\/span><\/p>\n","protected":false},"excerpt":{"rendered":"<p>El presidente Mart\u00edn Vizcarra reiter\u00f3 que no ser\u00e1 candidato en las elecciones generales del 2021 y pidi\u00f3 que se especifique en la reforma pol\u00edtica, discutida por el Congreso, ese impedimento. Lima, 16 Mayo 2019, (ANDINA).&#8211; El presidente Mart\u00edn Vizcarra reiter\u00f3 que no ser\u00e1 candidato en las elecciones generales del 2021 y pidi\u00f3 que se especifique [&hellip;]<\/p>\n","protected":false},"author":1,"featured_media":47526,"comment_status":"open","ping_status":"open","sticky":false,"template":"","format":"standard","meta":{"rop_custom_images_group":[],"rop_custom_messages_group":[],"rop_publish_now":"initial","rop_publish_now_accounts":[],"rop_publish_now_history":[],"rop_publish_now_status":"pending","footnotes":""},"categories":[5],"tags":[289,1421],"class_list":["post-49246","post","type-post","status-publish","format-standard","has-post-thumbnail","hentry","category-actualidad-informativa","tag-martin-vizcarra","tag-poder-ejecutivo"],"_links":{"self":[{"href":"https:\/\/elinformanteperu.com\/index.php\/wp-json\/wp\/v2\/posts\/49246","targetHints":{"allow":["GET"]}}],"collection":[{"href":"https:\/\/elinformanteperu.com\/index.php\/wp-json\/wp\/v2\/posts"}],"about":[{"href":"https:\/\/elinformanteperu.com\/index.php\/wp-json\/wp\/v2\/types\/post"}],"author":[{"embeddable":true,"href":"https:\/\/elinformanteperu.com\/index.php\/wp-json\/wp\/v2\/users\/1"}],"replies":[{"embeddable":true,"href":"https:\/\/elinformanteperu.com\/index.php\/wp-json\/wp\/v2\/comments?post=49246"}],"version-history":[{"count":1,"href":"https:\/\/elinformanteperu.com\/index.php\/wp-json\/wp\/v2\/posts\/49246\/revisions"}],"predecessor-version":[{"id":49247,"href":"https:\/\/elinformanteperu.com\/index.php\/wp-json\/wp\/v2\/posts\/49246\/revisions\/49247"}],"wp:featuredmedia":[{"embeddable":true,"href":"https:\/\/elinformanteperu.com\/index.php\/wp-json\/wp\/v2\/media\/47526"}],"wp:attachment":[{"href":"https:\/\/elinformanteperu.com\/index.php\/wp-json\/wp\/v2\/media?parent=49246"}],"wp:term":[{"taxonomy":"category","embeddable":true,"href":"https:\/\/elinformanteperu.com\/index.php\/wp-json\/wp\/v2\/categories?post=49246"},{"taxonomy":"post_tag","embeddable":true,"href":"https:\/\/elinformanteperu.com\/index.php\/wp-json\/wp\/v2\/tags?post=49246"}],"curies":[{"name":"wp","href":"https:\/\/api.w.org\/{rel}","templated":true}]}}