{"id":49241,"date":"2019-05-16T19:19:20","date_gmt":"2019-05-17T00:19:20","guid":{"rendered":"http:\/\/elinformanteperu.com\/?p=49241"},"modified":"2019-05-16T19:19:20","modified_gmt":"2019-05-17T00:19:20","slug":"comision-de-constitucion-rechaza-proyecto-del-ejecutivo-sobre-inmunidad-parlamentaria","status":"publish","type":"post","link":"https:\/\/elinformanteperu.com\/index.php\/2019\/05\/16\/comision-de-constitucion-rechaza-proyecto-del-ejecutivo-sobre-inmunidad-parlamentaria\/","title":{"rendered":"Comisi\u00f3n de Constituci\u00f3n rechaza proyecto del Ejecutivo sobre inmunidad parlamentaria"},"content":{"rendered":"<p><strong><span style=\"color: #000000;\">La Comisi\u00f3n de Constituci\u00f3n del Congreso rechaz\u00f3 el proyecto de ley del Ejecutivo, que planteaba que la Corte Suprema decida sobre el levantamiento de la inmunidad parlamentaria.<\/span><\/strong><\/p>\n<p><span style=\"color: #000000;\"><strong>Lima, 16 Mayo 2019, (ANDINA).<\/strong>&#8211; La Comisi\u00f3n de Constituci\u00f3n del Congreso rechaz\u00f3 el proyecto ley del Ejecutivo, incluido en el paquete de reforma pol\u00edtica, que planteaba que la Corte Suprema y no el Poder Legislativo decida sobre el levantamiento de la inmunidad parlamentaria.<\/span><\/p>\n<p><span style=\"color: #000000;\">La iniciativa legal fue archivada con el voto de los legisladores Luis Galarreta, H\u00e9ctor Becerril, Mario Mantilla, Tamar Arimborgo, Segundo Tapia, Luz Salgado, Guillermo Martorell, Milagros Takayama, Roy Ventura, Nelly Cuadros, Francisco Villavicencio de Fuerza Popular (FP).<\/span><\/p>\n<p><span style=\"color: #000000;\">Mauricio Mulder del Apra, Marisol Espinoza de Alianza para el Progreso (APP), V\u00edctor Andr\u00e9s Garc\u00eda Belaunde de Acci\u00f3n Popular (AP) tambi\u00e9n votaron en contra de la propuesta del Ejecutivo.<\/span><\/p>\n<p><span style=\"color: #000000;\">Por el contrario, Marisa Glave y Alberto Quintanilla de Nuevo Per\u00fa (NP), Jorge Mel\u00e9ndez y Alberto Oliva de Peruanos por el Kambio (PPK) y Marco Arana del Frente Amplio (FA) respaldaron la propuesta.<\/span><\/p>\n<p><span style=\"color: #000000;\">El proyecto de ley planteaba modificar el art\u00edculo 93 de la Constituci\u00f3n, que establece que los legisladores no pueden ser procesados ni presos sin previa autorizaci\u00f3n del Congreso o la Comisi\u00f3n Permanente, a fin que sea la Corte Suprema del Poder Judicial la que decida sobre el levantamiento del fuero congresal.<\/span><\/p>\n<p><span style=\"color: #000000;\">Durante el debate, Quintanilla (NP) se\u00f1al\u00f3 que la propuesta del Ejecutivo no eliminaba la inmunidad parlamentaria, sino que establec\u00eda que sea el pleno Corte Suprema la que decida sobre esta prerrogativa-<\/span><\/p>\n<p><span style=\"color: #000000;\">Por su parte, el legislador oficialista Jorge Mel\u00e9ndez enfatiz\u00f3 que era se trataba de un proyecto de reforma constitucional, dentro de la reforma pol\u00edtica, por lo que propuso ir a un cuarto intermedio antes de votar la norma.<\/span><\/p>\n<p><span style=\"color: #000000;\">Sin embargo, la presidenta de la Comisi\u00f3n de Constituci\u00f3n, Rosa Bartra (Fuerza Popular) dijo que se acoger\u00eda una proyecto de resoluci\u00f3n legislativa en lugar del proyecto de ley del Ejecutivo.<\/span><\/p>\n<p><span style=\"color: #000000;\">\u00abQuisiera que se entienda que se rechaza este dictamen para acoger una reforma del reglamento que debe entrar con un proyecto de resoluci\u00f3n legislativa no como un proyecto de ley\u00bb, sostuvo.<\/span><\/p>\n<p><span style=\"color: #000000;\">La propuesta para que la Corte Suprema decida sobre la inmunidad parlamentaria forma parte del paquete de proyectos de reforma pol\u00edtica y electoral que el 10 de abril pasado, el Poder Ejecutivo remiti\u00f3 al Congreso con car\u00e1cter de urgente.<\/span><\/p>\n<p><span style=\"color: #000000;\">Esta iniciativa por tratarse de una reforma constitucional requer\u00eda ser aprobada en dos legislaturas ordinarias.<\/span><\/p>\n","protected":false},"excerpt":{"rendered":"<p>La Comisi\u00f3n de Constituci\u00f3n del Congreso rechaz\u00f3 el proyecto de ley del Ejecutivo, que planteaba que la Corte Suprema decida sobre el levantamiento de la inmunidad parlamentaria. Lima, 16 Mayo 2019, (ANDINA).&#8211; La Comisi\u00f3n de Constituci\u00f3n del Congreso rechaz\u00f3 el proyecto ley del Ejecutivo, incluido en el paquete de reforma pol\u00edtica, que planteaba que la [&hellip;]<\/p>\n","protected":false},"author":1,"featured_media":49065,"comment_status":"open","ping_status":"open","sticky":false,"template":"","format":"standard","meta":{"rop_custom_images_group":[],"rop_custom_messages_group":[],"rop_publish_now":"initial","rop_publish_now_accounts":[],"rop_publish_now_history":[],"rop_publish_now_status":"pending","footnotes":""},"categories":[5],"tags":[192,1421,2013],"class_list":["post-49241","post","type-post","status-publish","format-standard","has-post-thumbnail","hentry","category-actualidad-informativa","tag-congreso","tag-poder-ejecutivo","tag-poder-legislativo"],"_links":{"self":[{"href":"https:\/\/elinformanteperu.com\/index.php\/wp-json\/wp\/v2\/posts\/49241","targetHints":{"allow":["GET"]}}],"collection":[{"href":"https:\/\/elinformanteperu.com\/index.php\/wp-json\/wp\/v2\/posts"}],"about":[{"href":"https:\/\/elinformanteperu.com\/index.php\/wp-json\/wp\/v2\/types\/post"}],"author":[{"embeddable":true,"href":"https:\/\/elinformanteperu.com\/index.php\/wp-json\/wp\/v2\/users\/1"}],"replies":[{"embeddable":true,"href":"https:\/\/elinformanteperu.com\/index.php\/wp-json\/wp\/v2\/comments?post=49241"}],"version-history":[{"count":1,"href":"https:\/\/elinformanteperu.com\/index.php\/wp-json\/wp\/v2\/posts\/49241\/revisions"}],"predecessor-version":[{"id":49242,"href":"https:\/\/elinformanteperu.com\/index.php\/wp-json\/wp\/v2\/posts\/49241\/revisions\/49242"}],"wp:featuredmedia":[{"embeddable":true,"href":"https:\/\/elinformanteperu.com\/index.php\/wp-json\/wp\/v2\/media\/49065"}],"wp:attachment":[{"href":"https:\/\/elinformanteperu.com\/index.php\/wp-json\/wp\/v2\/media?parent=49241"}],"wp:term":[{"taxonomy":"category","embeddable":true,"href":"https:\/\/elinformanteperu.com\/index.php\/wp-json\/wp\/v2\/categories?post=49241"},{"taxonomy":"post_tag","embeddable":true,"href":"https:\/\/elinformanteperu.com\/index.php\/wp-json\/wp\/v2\/tags?post=49241"}],"curies":[{"name":"wp","href":"https:\/\/api.w.org\/{rel}","templated":true}]}}