{"id":49238,"date":"2019-05-16T19:17:50","date_gmt":"2019-05-17T00:17:50","guid":{"rendered":"http:\/\/elinformanteperu.com\/?p=49238"},"modified":"2019-05-16T19:17:50","modified_gmt":"2019-05-17T00:17:50","slug":"jose-miguel-castro-cumplira-prision-preventiva-en-penal-castro-castro","status":"publish","type":"post","link":"https:\/\/elinformanteperu.com\/index.php\/2019\/05\/16\/jose-miguel-castro-cumplira-prision-preventiva-en-penal-castro-castro\/","title":{"rendered":"Jos\u00e9 Miguel Castro cumplir\u00e1 prisi\u00f3n preventiva en penal Castro Castro"},"content":{"rendered":"<p><strong><span style=\"color: #000000;\">El exgerente municipal Jos\u00e9 Miguel Castro cumplir\u00e1 la prisi\u00f3n preventiva por 18 meses dictada por el Poder Judicial en el penal de m\u00e1xima seguridad Miguel Castro Castro<\/span><\/strong><\/p>\n<p><span style=\"color: #000000;\"><strong>Lima, 16 Mayo 2019, (ANDINA).-<\/strong> El exgerente municipal Jos\u00e9 Miguel Castro cumplir\u00e1 la prisi\u00f3n preventiva por 18 meses dictada por el Poder Judicial en el penal de m\u00e1xima seguridad Miguel Castro Castro, inform\u00f3 el Instituto Nacional Penitenciario (INPE).<\/span><\/p>\n<p><span style=\"color: #000000;\">A trav\u00e9s de sus redes sociales, sostuvo que el exfuncionario de la gesti\u00f3n de Susana Villar\u00e1n fue clasificado para ser recluido en ese centro penitenciario, ubicado en el distrito de San Juan de Lurigancho.<\/span><\/p>\n<p><span style=\"color: #000000;\">Jos\u00e9 Miguel Castro es investigados por la fiscal\u00eda de lavado de activos por los delitos de cohecho, lavado de activos y organizaci\u00f3n criminal por haber solicitado dinero a las empresas Odebrecht y OAS para la campa\u00f1a en contra de la revocatoria de Susana Villar\u00e1n.<\/span><\/p>\n<p><span style=\"color: #000000;\">El exfuncionario municipal, qui\u00e9n pas\u00f3 la noche en la carceleta del INPE, ser\u00e1 trasladado hoy hasta el establecimiento penal donde cumplir\u00e1 el mandato judicial.<\/span><\/p>\n<p><span style=\"color: #000000;\">En el penal Miguel Castro Castro cumple tambi\u00e9n la prisi\u00f3n preventiva por 36 meses el exsecretario general de la presidencia de la Rep\u00fablica, Luis Nava, investigado por los aportes de Odebrecht para acceder a obras en el gobierno del expresidente Alan Garc\u00eda.<\/span><\/p>\n","protected":false},"excerpt":{"rendered":"<p>El exgerente municipal Jos\u00e9 Miguel Castro cumplir\u00e1 la prisi\u00f3n preventiva por 18 meses dictada por el Poder Judicial en el penal de m\u00e1xima seguridad Miguel Castro Castro Lima, 16 Mayo 2019, (ANDINA).- El exgerente municipal Jos\u00e9 Miguel Castro cumplir\u00e1 la prisi\u00f3n preventiva por 18 meses dictada por el Poder Judicial en el penal de m\u00e1xima [&hellip;]<\/p>\n","protected":false},"author":1,"featured_media":49239,"comment_status":"open","ping_status":"open","sticky":false,"template":"","format":"standard","meta":{"rop_custom_images_group":[],"rop_custom_messages_group":[],"rop_publish_now":"initial","rop_publish_now_accounts":[],"rop_publish_now_history":[],"rop_publish_now_status":"pending","footnotes":""},"categories":[5],"tags":[1012,2494,2132,619],"class_list":["post-49238","post","type-post","status-publish","format-standard","has-post-thumbnail","hentry","category-actualidad-informativa","tag-inpe","tag-jose-miguel-castro","tag-oas","tag-odebrecht"],"_links":{"self":[{"href":"https:\/\/elinformanteperu.com\/index.php\/wp-json\/wp\/v2\/posts\/49238","targetHints":{"allow":["GET"]}}],"collection":[{"href":"https:\/\/elinformanteperu.com\/index.php\/wp-json\/wp\/v2\/posts"}],"about":[{"href":"https:\/\/elinformanteperu.com\/index.php\/wp-json\/wp\/v2\/types\/post"}],"author":[{"embeddable":true,"href":"https:\/\/elinformanteperu.com\/index.php\/wp-json\/wp\/v2\/users\/1"}],"replies":[{"embeddable":true,"href":"https:\/\/elinformanteperu.com\/index.php\/wp-json\/wp\/v2\/comments?post=49238"}],"version-history":[{"count":1,"href":"https:\/\/elinformanteperu.com\/index.php\/wp-json\/wp\/v2\/posts\/49238\/revisions"}],"predecessor-version":[{"id":49240,"href":"https:\/\/elinformanteperu.com\/index.php\/wp-json\/wp\/v2\/posts\/49238\/revisions\/49240"}],"wp:featuredmedia":[{"embeddable":true,"href":"https:\/\/elinformanteperu.com\/index.php\/wp-json\/wp\/v2\/media\/49239"}],"wp:attachment":[{"href":"https:\/\/elinformanteperu.com\/index.php\/wp-json\/wp\/v2\/media?parent=49238"}],"wp:term":[{"taxonomy":"category","embeddable":true,"href":"https:\/\/elinformanteperu.com\/index.php\/wp-json\/wp\/v2\/categories?post=49238"},{"taxonomy":"post_tag","embeddable":true,"href":"https:\/\/elinformanteperu.com\/index.php\/wp-json\/wp\/v2\/tags?post=49238"}],"curies":[{"name":"wp","href":"https:\/\/api.w.org\/{rel}","templated":true}]}}