{"id":4918,"date":"2017-01-23T01:07:43","date_gmt":"2017-01-23T06:07:43","guid":{"rendered":"http:\/\/elinformanteperu.com\/?p=4918"},"modified":"2017-01-23T01:07:43","modified_gmt":"2017-01-23T06:07:43","slug":"presidente-del-pj-pide-todo-el-apoyo-para-el-ministerio-publico-en-caso-odebrecht","status":"publish","type":"post","link":"https:\/\/elinformanteperu.com\/index.php\/2017\/01\/23\/presidente-del-pj-pide-todo-el-apoyo-para-el-ministerio-publico-en-caso-odebrecht\/","title":{"rendered":"Presidente del PJ pide todo el apoyo para el Ministerio P\u00fablico en caso Odebrecht"},"content":{"rendered":"<p><strong>El presidente del Poder Judicial, Duberl\u00ed Rodr\u00edguez, consider\u00f3 necesario otorgar todo el apoyo al Ministerio P\u00fablico en el esfuerzo por investigar el caso Odebrecht.<\/strong><\/p>\n<p><strong>Lima, 22 Enero 2017, (ANDINA).-<\/strong> El presidente del Poder Judicial, Duberl\u00ed Rodr\u00edguez, consider\u00f3 necesario otorgar todo el apoyo al Ministerio P\u00fablico en el esfuerzo por investigar los sobornos pagados por la empresa Odebrecht a funcionarios peruanos.<\/p>\n<p>Si bien reconoci\u00f3 el derecho constitucional del Congreso de fiscalizar y formar comisiones investigadoras sobre temas de inter\u00e9s p\u00fablico, subray\u00f3 que de acuerdo a la Carta Magna, el \u00f3rgano constitucional aut\u00f3nomo encargado de la investigaci\u00f3n de delitos es el Ministerio P\u00fablico.<\/p>\n<p>\u201cLa pregunta es a qu\u00e9 instituci\u00f3n le damos m\u00e1s respaldo o permitimos que concentren los esfuerzos: creo que es al Ministerio P\u00fablico porque es la entidad que har\u00e1 la acusaci\u00f3n cuando termine la primera etapa de investigaci\u00f3n preparatoria\u201d, coment\u00f3.<\/p>\n<p>En ese marco, dijo que cuando concluya su labor, la comisi\u00f3n investigadora del Congreso para el caso Odebrecht entregar\u00e1 un informe solo con conclusiones referenciales y pol\u00edticas, pues los jueces que emitir\u00e1n sentencia lo har\u00e1n en base a las pruebas aportadas por el Ministerio P\u00fablico.<\/p>\n<p>\u201cPienso que se le debe dar todo el apoyo al Ministerio P\u00fablico para que haga su trabajo\u201d, coment\u00f3 en Agenda Pol\u00edtica de Canal N.<\/p>\n<p>Asimismo, Rodr\u00edguez se pronunci\u00f3 a favor de que el Ministerio P\u00fablico mantenga la reserva de sus investigaciones con la finalidad de no perjudicar el proceso de indagaci\u00f3n de los sobornos pagados por la citada empresa brasile\u00f1a.<\/p>\n","protected":false},"excerpt":{"rendered":"<p>El presidente del Poder Judicial, Duberl\u00ed Rodr\u00edguez, consider\u00f3 necesario otorgar todo el apoyo al Ministerio P\u00fablico en el esfuerzo por investigar el caso Odebrecht. Lima, 22 Enero 2017, (ANDINA).- El presidente del Poder Judicial, Duberl\u00ed Rodr\u00edguez, consider\u00f3 necesario otorgar todo el apoyo al Ministerio P\u00fablico en el esfuerzo por investigar los sobornos pagados por la [&hellip;]<\/p>\n","protected":false},"author":1,"featured_media":4919,"comment_status":"open","ping_status":"open","sticky":false,"template":"","format":"standard","meta":{"rop_custom_images_group":[],"rop_custom_messages_group":[],"rop_publish_now":"initial","rop_publish_now_accounts":[],"rop_publish_now_history":[],"rop_publish_now_status":"pending","footnotes":""},"categories":[5],"tags":[619,163],"class_list":["post-4918","post","type-post","status-publish","format-standard","has-post-thumbnail","hentry","category-actualidad-informativa","tag-odebrecht","tag-poder-judicial"],"_links":{"self":[{"href":"https:\/\/elinformanteperu.com\/index.php\/wp-json\/wp\/v2\/posts\/4918","targetHints":{"allow":["GET"]}}],"collection":[{"href":"https:\/\/elinformanteperu.com\/index.php\/wp-json\/wp\/v2\/posts"}],"about":[{"href":"https:\/\/elinformanteperu.com\/index.php\/wp-json\/wp\/v2\/types\/post"}],"author":[{"embeddable":true,"href":"https:\/\/elinformanteperu.com\/index.php\/wp-json\/wp\/v2\/users\/1"}],"replies":[{"embeddable":true,"href":"https:\/\/elinformanteperu.com\/index.php\/wp-json\/wp\/v2\/comments?post=4918"}],"version-history":[{"count":1,"href":"https:\/\/elinformanteperu.com\/index.php\/wp-json\/wp\/v2\/posts\/4918\/revisions"}],"predecessor-version":[{"id":4920,"href":"https:\/\/elinformanteperu.com\/index.php\/wp-json\/wp\/v2\/posts\/4918\/revisions\/4920"}],"wp:featuredmedia":[{"embeddable":true,"href":"https:\/\/elinformanteperu.com\/index.php\/wp-json\/wp\/v2\/media\/4919"}],"wp:attachment":[{"href":"https:\/\/elinformanteperu.com\/index.php\/wp-json\/wp\/v2\/media?parent=4918"}],"wp:term":[{"taxonomy":"category","embeddable":true,"href":"https:\/\/elinformanteperu.com\/index.php\/wp-json\/wp\/v2\/categories?post=4918"},{"taxonomy":"post_tag","embeddable":true,"href":"https:\/\/elinformanteperu.com\/index.php\/wp-json\/wp\/v2\/tags?post=4918"}],"curies":[{"name":"wp","href":"https:\/\/api.w.org\/{rel}","templated":true}]}}