{"id":49166,"date":"2019-05-16T00:49:15","date_gmt":"2019-05-16T05:49:15","guid":{"rendered":"http:\/\/elinformanteperu.com\/?p=49166"},"modified":"2019-05-16T00:49:15","modified_gmt":"2019-05-16T05:49:15","slug":"humala-y-nadine-heredia-estan-impactados-con-penas-solicitadas-por-fiscalia","status":"publish","type":"post","link":"https:\/\/elinformanteperu.com\/index.php\/2019\/05\/16\/humala-y-nadine-heredia-estan-impactados-con-penas-solicitadas-por-fiscalia\/","title":{"rendered":"Humala y Nadine Heredia est\u00e1n \u00abimpactados\u00bb con penas solicitadas por fiscal\u00eda"},"content":{"rendered":"<p><strong><span style=\"color: #000000;\">La expareja presidencial Ollanta Humala y Nadine Heredia est\u00e1 impactada con las penas de prisi\u00f3n de 20 y 26 a\u00f1os y seis meses, respectivamente, inform\u00f3 el abogado defensor, Wilfredo Pedraza.<\/span><\/strong><\/p>\n<p><span style=\"color: #000000;\"><strong>Lima, 15 Mayo 2019, (ANDINA).-<\/strong> La expareja presidencial Ollanta Humala y Nadine Heredia est\u00e1 impactada con las penas de prisi\u00f3n de 20 y 26 a\u00f1os y seis meses, respectivamente, que solicit\u00f3 para ellos el fiscal del Equipo Lava Jato, Germ\u00e1n Ju\u00e1rez Atoche, inform\u00f3 el abogado defensor, Wilfredo Pedraza.<\/span><\/p>\n<p><span style=\"color: #000000;\">\u201cEllos por supuesto est\u00e1n impactados por esa enorme prognosis de pena que me parece un exceso. Uno revisa propuestas de penas de la fiscal\u00eda y ni para terroristas siquiera, ni para feminicidios, encuentra situaciones de esta naturaleza\u201d, manifest\u00f3 Pedraza.<\/span><\/p>\n<p><span style=\"color: #000000;\">El abogado cuestion\u00f3 los t\u00e9rminos de la acusaci\u00f3n fiscal contra su patrocinados al considerarlos inconsistentes y difusos en la mayor\u00eda de temas, pero sobre todo en lo referido a los aportes del gobierno de Venezuela al Partido Nacionalista para la campa\u00f1a electoral del 2006.<\/span><\/p>\n<p><span style=\"color: #000000;\">Refiri\u00f3 que seg\u00fan la fiscal\u00eda, el expresidente de Venezuela, Hugo Chavez, habr\u00eda sustra\u00eddo dinero del tesoro p\u00fablico de su pa\u00eds para entregarlos personalmente al nacionalismo, pero como prueba aporta solos \u201cfrase generales y el recorte de un diario\u201d.<\/span><\/p>\n<p><span style=\"color: #000000;\">\u201cLa fiscal\u00eda no ha podido lograr un elemento conector serio entre Venezuela y la campa\u00f1a electoral del 2006\u201d, afirm\u00f3.<\/span><\/p>\n<p><span style=\"color: #000000;\">En el caso de Odebrecht, indic\u00f3 que si el Ministerio P\u00fablico estima la entrega de dinero para la campa\u00f1a pol\u00edtica del Partido Nacionalista del 2011, como abogado defensor pedir\u00e1 discutir el significado de esos aportes.<\/span><\/p>\n<p><span style=\"color: #000000;\">\u201cPara nosotros se trata de un tema de car\u00e1cter electoral sujeto, por tanto, a la Ley de Partidos Pol\u00edticos y sujeto a una infracci\u00f3n de car\u00e1cter electoral. En cualquier caso, un aporte cuyo origen se desconoce y sobre el cual no existe retorno al aportante no puede ser lavado de activos\u201d, precis\u00f3.<\/span><\/p>\n<p><span style=\"color: #000000;\">Sobre los supuestos contratos simulados de Heredia, Pedraza manifest\u00f3 que se explicar\u00e1n durante el desarrollo del juicio oral.<\/span><\/p>\n<p><span style=\"color: #000000;\">Pedraza tambi\u00e9n se refiri\u00f3 al pedido fiscal para disolver al Partido Nacionalista, al cual calific\u00f3 como arbitrariedad porque pretende aplicar el art\u00edculo 105 del C\u00f3digo Penal que, subray\u00f3, es para empresas y no para partidos pol\u00edticos, cuya naturaleza es diferente.<\/span><\/p>\n<p><span style=\"color: #000000;\">La defensa de la expareja presidencial inform\u00f3 que cuenta con diez d\u00edas de plazo para responder las acusaciones de la fiscal\u00eda, el cual vence el pr\u00f3ximo mi\u00e9rcoles. Al respecto, adelant\u00f3 que presentar\u00e1n testigos, sobreseimientos y los descargos correspondientes.<\/span><\/p>\n<p><span style=\"color: #000000;\">\u201cResponderemos objetivamente a los t\u00e9rminos de la acusaci\u00f3n, luego vendr\u00e1 el control de la acusaci\u00f3n a cargo del juez (Richard) Concepci\u00f3n Carhuancho, el juez decidir\u00e1 qu\u00e9 partes se pueden archivar, que partes no, qu\u00e9 temas van al juicio oral y con qu\u00e9 testigos\u201d, precis\u00f3.<\/span><\/p>\n<p><span style=\"color: #000000;\">Wilfredo Pedraza ofreci\u00f3 estas declaraciones tras acompa\u00f1ar al expresidente Ollanta Humala a la Fiscal\u00eda de Lavado de Activos, a donde acudi\u00f3 para declarar en condici\u00f3n de testigo en un proceso que involucra a Mart\u00edn Belaunde y Juan Carlos Rivera Ydrogo por el caso Antalsis.<\/span><\/p>\n","protected":false},"excerpt":{"rendered":"<p>La expareja presidencial Ollanta Humala y Nadine Heredia est\u00e1 impactada con las penas de prisi\u00f3n de 20 y 26 a\u00f1os y seis meses, respectivamente, inform\u00f3 el abogado defensor, Wilfredo Pedraza. Lima, 15 Mayo 2019, (ANDINA).- La expareja presidencial Ollanta Humala y Nadine Heredia est\u00e1 impactada con las penas de prisi\u00f3n de 20 y 26 a\u00f1os [&hellip;]<\/p>\n","protected":false},"author":1,"featured_media":20375,"comment_status":"open","ping_status":"open","sticky":false,"template":"","format":"standard","meta":{"rop_custom_images_group":[],"rop_custom_messages_group":[],"rop_publish_now":"initial","rop_publish_now_accounts":[],"rop_publish_now_history":[],"rop_publish_now_status":"pending","footnotes":""},"categories":[5],"tags":[291,619,403,1890],"class_list":["post-49166","post","type-post","status-publish","format-standard","has-post-thumbnail","hentry","category-actualidad-informativa","tag-nadine-heredia","tag-odebrecht","tag-ollanta-humala","tag-wilfredo-pedraza"],"_links":{"self":[{"href":"https:\/\/elinformanteperu.com\/index.php\/wp-json\/wp\/v2\/posts\/49166","targetHints":{"allow":["GET"]}}],"collection":[{"href":"https:\/\/elinformanteperu.com\/index.php\/wp-json\/wp\/v2\/posts"}],"about":[{"href":"https:\/\/elinformanteperu.com\/index.php\/wp-json\/wp\/v2\/types\/post"}],"author":[{"embeddable":true,"href":"https:\/\/elinformanteperu.com\/index.php\/wp-json\/wp\/v2\/users\/1"}],"replies":[{"embeddable":true,"href":"https:\/\/elinformanteperu.com\/index.php\/wp-json\/wp\/v2\/comments?post=49166"}],"version-history":[{"count":1,"href":"https:\/\/elinformanteperu.com\/index.php\/wp-json\/wp\/v2\/posts\/49166\/revisions"}],"predecessor-version":[{"id":49167,"href":"https:\/\/elinformanteperu.com\/index.php\/wp-json\/wp\/v2\/posts\/49166\/revisions\/49167"}],"wp:featuredmedia":[{"embeddable":true,"href":"https:\/\/elinformanteperu.com\/index.php\/wp-json\/wp\/v2\/media\/20375"}],"wp:attachment":[{"href":"https:\/\/elinformanteperu.com\/index.php\/wp-json\/wp\/v2\/media?parent=49166"}],"wp:term":[{"taxonomy":"category","embeddable":true,"href":"https:\/\/elinformanteperu.com\/index.php\/wp-json\/wp\/v2\/categories?post=49166"},{"taxonomy":"post_tag","embeddable":true,"href":"https:\/\/elinformanteperu.com\/index.php\/wp-json\/wp\/v2\/tags?post=49166"}],"curies":[{"name":"wp","href":"https:\/\/api.w.org\/{rel}","templated":true}]}}