{"id":49163,"date":"2019-05-16T00:47:33","date_gmt":"2019-05-16T05:47:33","guid":{"rendered":"http:\/\/elinformanteperu.com\/?p=49163"},"modified":"2019-05-16T00:47:33","modified_gmt":"2019-05-16T05:47:33","slug":"jose-miguel-castro-dice-que-colapso-su-colaboracion-eficaz-con-la-fiscalia","status":"publish","type":"post","link":"https:\/\/elinformanteperu.com\/index.php\/2019\/05\/16\/jose-miguel-castro-dice-que-colapso-su-colaboracion-eficaz-con-la-fiscalia\/","title":{"rendered":"Jos\u00e9 Miguel Castro dice que colaps\u00f3 su colaboraci\u00f3n eficaz con la fiscal\u00eda"},"content":{"rendered":"<p><strong><span style=\"color: #000000;\">El exgerente de la Municipalidad de Lima, Jos\u00e9 Miguel Castro, dijo que negoci\u00f3 una colaboraci\u00f3n eficaz, pero que el acuerdo al que hab\u00edan arribado \u201ccolaps\u00f3\u201d el lunes.<\/span><\/strong><\/p>\n<p><span style=\"color: #000000;\"><strong>Lima, 15 Mayo 2019, (ANDINA).-<\/strong> El exgerente de la Municipalidad de Lima, Jos\u00e9 Miguel Castro, dijo que negoci\u00f3 una colaboraci\u00f3n eficaz con el Ministerio P\u00fablico en las investigaciones por los aportes a la campa\u00f1a de Susana Villar\u00e1n, pero que el acuerdo al que hab\u00edan arribado \u201ccolaps\u00f3\u201d el lunes.<\/span><\/p>\n<p><span style=\"color: #000000;\">Ante el juez Jorge Ch\u00e1vez, titular del Tercer Juzgado de Investigaci\u00f3n Preparatoria Especializado en Delitos de Corrupci\u00f3n, dijo que su intensi\u00f3n fue colaborar con la justicia.<\/span><\/p>\n<p><span style=\"color: #000000;\">\u201cHace dos semanas tom\u00e9 la decisi\u00f3n de somet\u00e9rseme a un proceso de colaboraci\u00f3n eficaz, avanc\u00e9 toda la semana tratando de colaborar con la fiscal\u00eda, tratando de decir la verdad sobre todos los actos, desafortunadamente el proceso colaps\u00f3 el lunes en la noche cuando hab\u00eda acuerdo\u201d, refiri\u00f3.<\/span><\/p>\n<p><span style=\"color: #000000;\">Castro asegur\u00f3 que durante las investigaciones a las que es sometido por la fiscal\u00eda, se reuni\u00f3 con la exalcaldesa Susana Villar\u00e1n.<\/span><\/p>\n<p><span style=\"color: #000000;\">Al ser consultado por el pacto de silencio que mantuvo con la exalcaldesa, de acuerdo a lo revelado por ella el s\u00e1bado una entrevista radial, Castro respondi\u00f3: \u201cno he sido parte de un pacto de silencio\u201d.<\/span><\/p>\n<p><span style=\"color: #000000;\">Villar\u00e1n indic\u00f3 que hab\u00eda mantenido silencio por un acuerdo de lealtad con Jos\u00e9 Miguel Castro, con quien asegur\u00f3 que tom\u00f3 la decisi\u00f3n de solicitar dinero para la campa\u00f1a contra la revocatoria y para su reelecci\u00f3n.<\/span><\/p>\n<p><span style=\"color: #000000;\">Castro afirm\u00f3 que fue convocado a la Municipalidad de Lima para desarrollar un proyecto de gesti\u00f3n en el cual confiaba y que implic\u00f3 el desarrollo de iniciativas privadas y concesiones que representaron una inversi\u00f3n para la ciudad de m\u00e1s de 3 mil millones de soles.<\/span><\/p>\n<p><span style=\"color: #000000;\">\u201cEs importante reconocer errores que se han podido cometer, que se deben afrontar con la justicia y lo voy a hacer, me someto a la justicia, nunca particip\u00e9 en actos que tengan que ver con la obstrucci\u00f3n de la justicia\u201d, refiri\u00f3.<\/span><\/p>\n<p><span style=\"color: #000000;\">En su defensa, asegur\u00f3 tambi\u00e9n que no se reconoce como el segundo de una asociaci\u00f3n il\u00edcita liderada por Susana Villar\u00e1n, como le atribuye la fiscal\u00eda.<\/span><\/p>\n<p><span style=\"color: #000000;\">Finalmente, pidi\u00f3 disculpas a las personas de su entono que se han podido ver afectadas en su reputaci\u00f3n y moral por las decisiones tomadas y por las cuales asumir\u00e1 su responsabilidad de manera personal.<\/span><\/p>\n<p><span style=\"color: #000000;\">La fiscal\u00eda pide al juez variar el impedimento de salida del pa\u00eds contra Jos\u00e9 Miguel Castro por una prisi\u00f3n preventiva por 36 meses al considerar que solicit\u00f3 aportes para la campa\u00f1a de Villar\u00e1n y presion\u00f3 a los testigos para cambiar sus declaraciones.<\/span><\/p>\n","protected":false},"excerpt":{"rendered":"<p>El exgerente de la Municipalidad de Lima, Jos\u00e9 Miguel Castro, dijo que negoci\u00f3 una colaboraci\u00f3n eficaz, pero que el acuerdo al que hab\u00edan arribado \u201ccolaps\u00f3\u201d el lunes. Lima, 15 Mayo 2019, (ANDINA).- El exgerente de la Municipalidad de Lima, Jos\u00e9 Miguel Castro, dijo que negoci\u00f3 una colaboraci\u00f3n eficaz con el Ministerio P\u00fablico en las investigaciones [&hellip;]<\/p>\n","protected":false},"author":1,"featured_media":49164,"comment_status":"open","ping_status":"open","sticky":false,"template":"","format":"standard","meta":{"rop_custom_images_group":[],"rop_custom_messages_group":[],"rop_publish_now":"initial","rop_publish_now_accounts":[],"rop_publish_now_history":[],"rop_publish_now_status":"pending","footnotes":""},"categories":[5],"tags":[2494,776],"class_list":["post-49163","post","type-post","status-publish","format-standard","has-post-thumbnail","hentry","category-actualidad-informativa","tag-jose-miguel-castro","tag-susana-villaran"],"_links":{"self":[{"href":"https:\/\/elinformanteperu.com\/index.php\/wp-json\/wp\/v2\/posts\/49163","targetHints":{"allow":["GET"]}}],"collection":[{"href":"https:\/\/elinformanteperu.com\/index.php\/wp-json\/wp\/v2\/posts"}],"about":[{"href":"https:\/\/elinformanteperu.com\/index.php\/wp-json\/wp\/v2\/types\/post"}],"author":[{"embeddable":true,"href":"https:\/\/elinformanteperu.com\/index.php\/wp-json\/wp\/v2\/users\/1"}],"replies":[{"embeddable":true,"href":"https:\/\/elinformanteperu.com\/index.php\/wp-json\/wp\/v2\/comments?post=49163"}],"version-history":[{"count":1,"href":"https:\/\/elinformanteperu.com\/index.php\/wp-json\/wp\/v2\/posts\/49163\/revisions"}],"predecessor-version":[{"id":49165,"href":"https:\/\/elinformanteperu.com\/index.php\/wp-json\/wp\/v2\/posts\/49163\/revisions\/49165"}],"wp:featuredmedia":[{"embeddable":true,"href":"https:\/\/elinformanteperu.com\/index.php\/wp-json\/wp\/v2\/media\/49164"}],"wp:attachment":[{"href":"https:\/\/elinformanteperu.com\/index.php\/wp-json\/wp\/v2\/media?parent=49163"}],"wp:term":[{"taxonomy":"category","embeddable":true,"href":"https:\/\/elinformanteperu.com\/index.php\/wp-json\/wp\/v2\/categories?post=49163"},{"taxonomy":"post_tag","embeddable":true,"href":"https:\/\/elinformanteperu.com\/index.php\/wp-json\/wp\/v2\/tags?post=49163"}],"curies":[{"name":"wp","href":"https:\/\/api.w.org\/{rel}","templated":true}]}}