{"id":49155,"date":"2019-05-16T00:37:35","date_gmt":"2019-05-16T05:37:35","guid":{"rendered":"http:\/\/elinformanteperu.com\/?p=49155"},"modified":"2019-05-16T00:37:35","modified_gmt":"2019-05-16T05:37:35","slug":"fiscalia-dice-que-castro-amenazaba-por-pagos-para-la-reeleccion","status":"publish","type":"post","link":"https:\/\/elinformanteperu.com\/index.php\/2019\/05\/16\/fiscalia-dice-que-castro-amenazaba-por-pagos-para-la-reeleccion\/","title":{"rendered":"Fiscal\u00eda dice que Castro amenazaba por pagos para la reelecci\u00f3n"},"content":{"rendered":"<p><strong><span style=\"color: #000000;\">La fiscal \u00c1ngela Zuloaga dijo que el exgerente municipal Jos\u00e9 Miguel Castro trabajaba a presi\u00f3n y amenazaba a la empresa OAS para conseguir los aportes ilegales.<\/span><\/strong><\/p>\n<p><span style=\"color: #000000;\"><strong>Lima, 15 Mayo 2019, (ANDINA).-<\/strong> La fiscal \u00c1ngela Zuloaga dijo que el exgerente municipal Jos\u00e9 Miguel Castro trabajaba a presi\u00f3n y amenazaba a la empresa OAS para conseguir los aportes ilegales destinados a la campa\u00f1a reeleccionista de Susana Villar\u00e1n.<\/span><\/p>\n<p><span style=\"color: #000000;\">Sostuvo que un colaborador eficaz declar\u00f3 que Castro dec\u00eda que \u00absi no le pagaban, ten\u00eda los medios y recursos para hacerse pagar\u201d.<\/span><\/p>\n<p><span style=\"color: #000000;\">\u201cInflu\u00eda miedo para sus requerimientos\u201d, indic\u00f3 Zuloaga al reiterar su pedido de prisi\u00f3n preventiva por 36 meses para Castro quien, seg\u00fan la tesis fiscal, secundaba a Susana Villar\u00e1n en el liderazgo de la red criminal que buscaba mantenerla en el poder.<\/span><\/p>\n<p><span style=\"color: #000000;\">Zuloaga se\u00f1al\u00f3 que la empresa OAS entreg\u00f3, a pedido de Castro, 4 millones de d\u00f3lares para la campa\u00f1a a la reelecci\u00f3n de Villar\u00e1n, adem\u00e1s de 3 millones de d\u00f3lares a la campa\u00f1a contra la revocatoria, a cambio de ser favorecida en la concesi\u00f3n del proyecto L\u00ednea Amarilla.<\/span><\/p>\n<p><strong><span style=\"color: #000000;\">Presi\u00f3n sobre los testigos<\/span><\/strong><\/p>\n<p><span style=\"color: #000000;\">Acus\u00f3 tambi\u00e9n a Castro de influir en los dem\u00e1s investigados para cambiar su versi\u00f3n o entregar informaci\u00f3n falsa al Equipo Especial Lava Jato de la fiscal\u00eda, a fin de entorpecer las investigaciones.<\/span><\/p>\n<p><span style=\"color: #000000;\">Mencion\u00f3 como ejemplo de ello las declaraciones de Villar\u00e1n a la prensa, quien dijo que mantuvo silencio por lealtad, y el audio donde se escucha cuando le dice a Gabriel Prado que niegue la titularidad de la cuenta en la Banca Privada de Andorra.<\/span><\/p>\n<p><span style=\"color: #000000;\">Detall\u00f3 tambi\u00e9n que Castro le reclam\u00f3 a \u00d3scar Vidaurreta, de la empresa Ojilvi, por haberlo relacionado con la revocatoria en una comunicaci\u00f3n con la fiscal\u00eda, cuando nadie hab\u00eda mencionado su nombre.<\/span><\/p>\n<p><span style=\"color: #000000;\">\u201cLo llama a una reuni\u00f3n para pedirle tambi\u00e9n que no lo implique en su testimonio cuando fue citado por la fiscal\u00eda, estaba influyendo en un testigo para que informe falsamente al Ministerio P\u00fablico\u201d, afirm\u00f3 la representante del Ministerio P\u00fablico.<\/span><\/p>\n<p><span style=\"color: #000000;\">La fiscal inform\u00f3 al juez Jorge Ch\u00e1vez, titular del Tercer Juzgado de Investigaci\u00f3n Preparatoria Especializado en Delitos de Corrupci\u00f3n, que los pagos solicitados por Castro a Odebrecht (3 millones de d\u00f3lares para el No a la reelecci\u00f3n) y 7 millones a OAS, estaban relacionadas con los proyectos L\u00ednea Amarilla y Rutas de Lima.<\/span><\/p>\n<p><span style=\"color: #000000;\">Sostuvo que la adenda 1 en la L\u00ednea Amarrilla, firmada con OAS, y la concesi\u00f3n de Rutas de Lima, suscrita con Odebrecht, se hicieron sin pedir el informe favorable del Ministerio de Econom\u00eda y Finanzas.<\/span><\/p>\n<p><span style=\"color: #000000;\">A\u00f1adi\u00f3 que un exdirectivo de OAS inform\u00f3 a la fiscal\u00eda que, al solicitar el dinero, Castro sostuvo que \u00abpor el tama\u00f1o de la obra era lo que les correspond\u00eda pagar\u00bb.<\/span><\/p>\n<p><span style=\"color: #000000;\">Para la fiscal, la relaci\u00f3n cercana que ten\u00eda Castro con Susana Villar\u00e1n habr\u00eda facilitado su actuaci\u00f3n ilegal en este tema.<\/span><\/p>\n<p><span style=\"color: #000000;\">Prueba de ello son los hallazgos en el allanamiento de la vivienda de Castro donde se encontr\u00f3 una carta en la cual la exalcaldesa firma \u201ccon todo cari\u00f1o y lealtad\u201d y otra misiva de Villar\u00e1n en la lo califica como un \u201cleal consejero en los mementos que hab\u00eda que tomar decisiones muy dif\u00edciles y complejas\u201d.<\/span><\/p>\n","protected":false},"excerpt":{"rendered":"<p>La fiscal \u00c1ngela Zuloaga dijo que el exgerente municipal Jos\u00e9 Miguel Castro trabajaba a presi\u00f3n y amenazaba a la empresa OAS para conseguir los aportes ilegales. Lima, 15 Mayo 2019, (ANDINA).- La fiscal \u00c1ngela Zuloaga dijo que el exgerente municipal Jos\u00e9 Miguel Castro trabajaba a presi\u00f3n y amenazaba a la empresa OAS para conseguir los [&hellip;]<\/p>\n","protected":false},"author":1,"featured_media":49156,"comment_status":"open","ping_status":"open","sticky":false,"template":"","format":"standard","meta":{"rop_custom_images_group":[],"rop_custom_messages_group":[],"rop_publish_now":"initial","rop_publish_now_accounts":[],"rop_publish_now_history":[],"rop_publish_now_status":"pending","footnotes":""},"categories":[5],"tags":[4400,2494,2132,619,776],"class_list":["post-49155","post","type-post","status-publish","format-standard","has-post-thumbnail","hentry","category-actualidad-informativa","tag-gabriel-prado","tag-jose-miguel-castro","tag-oas","tag-odebrecht","tag-susana-villaran"],"_links":{"self":[{"href":"https:\/\/elinformanteperu.com\/index.php\/wp-json\/wp\/v2\/posts\/49155","targetHints":{"allow":["GET"]}}],"collection":[{"href":"https:\/\/elinformanteperu.com\/index.php\/wp-json\/wp\/v2\/posts"}],"about":[{"href":"https:\/\/elinformanteperu.com\/index.php\/wp-json\/wp\/v2\/types\/post"}],"author":[{"embeddable":true,"href":"https:\/\/elinformanteperu.com\/index.php\/wp-json\/wp\/v2\/users\/1"}],"replies":[{"embeddable":true,"href":"https:\/\/elinformanteperu.com\/index.php\/wp-json\/wp\/v2\/comments?post=49155"}],"version-history":[{"count":1,"href":"https:\/\/elinformanteperu.com\/index.php\/wp-json\/wp\/v2\/posts\/49155\/revisions"}],"predecessor-version":[{"id":49157,"href":"https:\/\/elinformanteperu.com\/index.php\/wp-json\/wp\/v2\/posts\/49155\/revisions\/49157"}],"wp:featuredmedia":[{"embeddable":true,"href":"https:\/\/elinformanteperu.com\/index.php\/wp-json\/wp\/v2\/media\/49156"}],"wp:attachment":[{"href":"https:\/\/elinformanteperu.com\/index.php\/wp-json\/wp\/v2\/media?parent=49155"}],"wp:term":[{"taxonomy":"category","embeddable":true,"href":"https:\/\/elinformanteperu.com\/index.php\/wp-json\/wp\/v2\/categories?post=49155"},{"taxonomy":"post_tag","embeddable":true,"href":"https:\/\/elinformanteperu.com\/index.php\/wp-json\/wp\/v2\/tags?post=49155"}],"curies":[{"name":"wp","href":"https:\/\/api.w.org\/{rel}","templated":true}]}}