{"id":4915,"date":"2017-01-23T01:00:59","date_gmt":"2017-01-23T06:00:59","guid":{"rendered":"http:\/\/elinformanteperu.com\/?p=4915"},"modified":"2017-01-23T01:00:59","modified_gmt":"2017-01-23T06:00:59","slug":"poder-judicial-dicta-prision-preventiva-de-18-meses-contra-edwin-luyo","status":"publish","type":"post","link":"https:\/\/elinformanteperu.com\/index.php\/2017\/01\/23\/poder-judicial-dicta-prision-preventiva-de-18-meses-contra-edwin-luyo\/","title":{"rendered":"Poder Judicial dicta prisi\u00f3n preventiva de 18 meses contra Edwin Luyo"},"content":{"rendered":"<p><strong>El juez de investigaci\u00f3n preparatoria Ricardo Manrique Laura dict\u00f3 la medida de prisi\u00f3n preventiva por un plazo de 18 meses contra Edwin Luyo Barrientos.<\/strong><\/p>\n<p><strong>Lima, 22 Enero 2017, (ANDINA).-<\/strong> El juez de investigaci\u00f3n preparatoria Ricardo Manrique Laura dict\u00f3 la medida de prisi\u00f3n preventiva por un plazo de 18 meses contra el exfuncionario de la Autoridad Aut\u00f3noma del Tren El\u00e9ctrico, Edwin Luyo Barrientos, acusado de los delitos de cohecho pasivo propio y lavado de activos en el caso Odebrecht.<\/p>\n<p>Luyo reconoci\u00f3 durante la audiencia realizada en la Sala Penal Nacional, haber recibido dinero por parte de la empresa brasile\u00f1a Odebrecht, por montos de US$ 196 000 y US$ 304 000, transferidos a una cuenta en la banca privada de Andorra, un reconocido para\u00edso fiscal.<\/p>\n<p>El magistrado Manrique Laura precis\u00f3 que la prisi\u00f3n preventiva se contabiliza desde el d\u00eda de su detenci\u00f3n, el pasado 20 de enero de 2017 y vencer\u00e1 el 19 de julio de 2018.<\/p>\n<p>Durante la lectura de la sentencia, el magistrado precis\u00f3 que existe convicci\u00f3n en la comisi\u00f3n del delito de cohecho pasivo propio por parte del exfuncionario durante el gobierno aprista.<\/p>\n<p>Asimismo, admiti\u00f3 la tesis del Ministerio P\u00fablico acerca del presunto delito de lavado de activos en el caso de Luyo, debido al movimiento de dinero por medio de una empresa offshore, a una entidad de la banca privada de Andorra.<\/p>\n<p>Tras la decisi\u00f3n tomada por el Tercer Juzgado de Investigaci\u00f3n Preparatoria de la Sala Penal Nacional, el fiscal Hamilton Castro se declar\u00f3 conforme con la decisi\u00f3n del juez Manrique, mientras que la defensa legal de Luyo anunci\u00f3 que apelar\u00e1 la sanci\u00f3n.<\/p>\n","protected":false},"excerpt":{"rendered":"<p>El juez de investigaci\u00f3n preparatoria Ricardo Manrique Laura dict\u00f3 la medida de prisi\u00f3n preventiva por un plazo de 18 meses contra Edwin Luyo Barrientos. Lima, 22 Enero 2017, (ANDINA).- El juez de investigaci\u00f3n preparatoria Ricardo Manrique Laura dict\u00f3 la medida de prisi\u00f3n preventiva por un plazo de 18 meses contra el exfuncionario de la Autoridad [&hellip;]<\/p>\n","protected":false},"author":1,"featured_media":4916,"comment_status":"open","ping_status":"open","sticky":false,"template":"","format":"standard","meta":{"rop_custom_images_group":[],"rop_custom_messages_group":[],"rop_publish_now":"initial","rop_publish_now_accounts":[],"rop_publish_now_history":[],"rop_publish_now_status":"pending","footnotes":""},"categories":[5],"tags":[918,619],"class_list":["post-4915","post","type-post","status-publish","format-standard","has-post-thumbnail","hentry","category-actualidad-informativa","tag-edwin-luyo-barrientos","tag-odebrecht"],"_links":{"self":[{"href":"https:\/\/elinformanteperu.com\/index.php\/wp-json\/wp\/v2\/posts\/4915","targetHints":{"allow":["GET"]}}],"collection":[{"href":"https:\/\/elinformanteperu.com\/index.php\/wp-json\/wp\/v2\/posts"}],"about":[{"href":"https:\/\/elinformanteperu.com\/index.php\/wp-json\/wp\/v2\/types\/post"}],"author":[{"embeddable":true,"href":"https:\/\/elinformanteperu.com\/index.php\/wp-json\/wp\/v2\/users\/1"}],"replies":[{"embeddable":true,"href":"https:\/\/elinformanteperu.com\/index.php\/wp-json\/wp\/v2\/comments?post=4915"}],"version-history":[{"count":1,"href":"https:\/\/elinformanteperu.com\/index.php\/wp-json\/wp\/v2\/posts\/4915\/revisions"}],"predecessor-version":[{"id":4917,"href":"https:\/\/elinformanteperu.com\/index.php\/wp-json\/wp\/v2\/posts\/4915\/revisions\/4917"}],"wp:featuredmedia":[{"embeddable":true,"href":"https:\/\/elinformanteperu.com\/index.php\/wp-json\/wp\/v2\/media\/4916"}],"wp:attachment":[{"href":"https:\/\/elinformanteperu.com\/index.php\/wp-json\/wp\/v2\/media?parent=4915"}],"wp:term":[{"taxonomy":"category","embeddable":true,"href":"https:\/\/elinformanteperu.com\/index.php\/wp-json\/wp\/v2\/categories?post=4915"},{"taxonomy":"post_tag","embeddable":true,"href":"https:\/\/elinformanteperu.com\/index.php\/wp-json\/wp\/v2\/tags?post=4915"}],"curies":[{"name":"wp","href":"https:\/\/api.w.org\/{rel}","templated":true}]}}