{"id":49133,"date":"2019-05-15T23:54:04","date_gmt":"2019-05-16T04:54:04","guid":{"rendered":"http:\/\/elinformanteperu.com\/?p=49133"},"modified":"2019-05-15T23:54:04","modified_gmt":"2019-05-16T04:54:04","slug":"incendio-forestal-destruye-carrizales-en-buenavista-alta","status":"publish","type":"post","link":"https:\/\/elinformanteperu.com\/index.php\/2019\/05\/15\/incendio-forestal-destruye-carrizales-en-buenavista-alta\/","title":{"rendered":"Incendio forestal destruye carrizales en Buenavista Alta"},"content":{"rendered":"<p><strong><span style=\"color: #000000;\">Un incendio forestal de regular proporci\u00f3n arras\u00f3 10 hect\u00e1reas de carrizales y hierbas en el sector de Tucushuanca, regi\u00f3n \u00c1ncash.<\/span><\/strong><\/p>\n<p><span style=\"color: #000000;\"><strong>Chimbote, 15 Mayo 2019, (ANDINA).-<\/strong> Un incendio forestal de regular proporci\u00f3n arras\u00f3 10 hect\u00e1reas de carrizales y hierbas en el sector de Tucushuanca, cerca al r\u00edo Sech\u00edn, en el distrito de Buenavista Alta, provincia de Casma, regi\u00f3n \u00c1ncash.<\/span><\/p>\n<p><span style=\"color: #000000;\">La Municipalidad Distrital de Buenavista Alta, por medio de la Plataforma de Defensa Civil, lleg\u00f3 hasta la zona del siniestro para verificar los da\u00f1os causados por el fuego.<\/span><\/p>\n<p><span style=\"color: #000000;\">Seg\u00fan el secretario t\u00e9cnico de Defensa Civil de Buenavista Alta, Gustavo Reyes Silva, el fuego habr\u00eda sido provocado; no afect\u00f3 viviendas ni sembr\u00edos.<\/span><\/p>\n<p><span style=\"color: #000000;\">\u201cHemos hecho la evaluaci\u00f3n de da\u00f1os junto con los t\u00e9cnicos y encontramos solo la destrucci\u00f3n de carrizales y hierbas, estaremos pendientes. No hay m\u00e1s da\u00f1os materiales\u201d, dijo.<\/span><\/p>\n<p><span style=\"color: #000000;\">La emergencia activ\u00f3 el plan de contingencia del Centro de Operaciones de Emergencia Local (COEL), por lo que ahora las autoridades trabajan en el llenado de las fichas de Evaluaci\u00f3n de Da\u00f1os y An\u00e1lisis de Necesidades (EDAN) que ser\u00e1n enviadas al Instituto Nacional de Defensa Civil (Indeci).<\/span><\/p>\n","protected":false},"excerpt":{"rendered":"<p>Un incendio forestal de regular proporci\u00f3n arras\u00f3 10 hect\u00e1reas de carrizales y hierbas en el sector de Tucushuanca, regi\u00f3n \u00c1ncash. Chimbote, 15 Mayo 2019, (ANDINA).- Un incendio forestal de regular proporci\u00f3n arras\u00f3 10 hect\u00e1reas de carrizales y hierbas en el sector de Tucushuanca, cerca al r\u00edo Sech\u00edn, en el distrito de Buenavista Alta, provincia de [&hellip;]<\/p>\n","protected":false},"author":1,"featured_media":49134,"comment_status":"open","ping_status":"open","sticky":false,"template":"","format":"standard","meta":{"rop_custom_images_group":[],"rop_custom_messages_group":[],"rop_publish_now":"initial","rop_publish_now_accounts":[],"rop_publish_now_history":[],"rop_publish_now_status":"pending","footnotes":""},"categories":[10],"tags":[3621,1234,148],"class_list":["post-49133","post","type-post","status-publish","format-standard","has-post-thumbnail","hentry","category-actualidad-municipal","tag-ancash","tag-gobierno-regional-de-ancash","tag-indeci"],"_links":{"self":[{"href":"https:\/\/elinformanteperu.com\/index.php\/wp-json\/wp\/v2\/posts\/49133","targetHints":{"allow":["GET"]}}],"collection":[{"href":"https:\/\/elinformanteperu.com\/index.php\/wp-json\/wp\/v2\/posts"}],"about":[{"href":"https:\/\/elinformanteperu.com\/index.php\/wp-json\/wp\/v2\/types\/post"}],"author":[{"embeddable":true,"href":"https:\/\/elinformanteperu.com\/index.php\/wp-json\/wp\/v2\/users\/1"}],"replies":[{"embeddable":true,"href":"https:\/\/elinformanteperu.com\/index.php\/wp-json\/wp\/v2\/comments?post=49133"}],"version-history":[{"count":1,"href":"https:\/\/elinformanteperu.com\/index.php\/wp-json\/wp\/v2\/posts\/49133\/revisions"}],"predecessor-version":[{"id":49135,"href":"https:\/\/elinformanteperu.com\/index.php\/wp-json\/wp\/v2\/posts\/49133\/revisions\/49135"}],"wp:featuredmedia":[{"embeddable":true,"href":"https:\/\/elinformanteperu.com\/index.php\/wp-json\/wp\/v2\/media\/49134"}],"wp:attachment":[{"href":"https:\/\/elinformanteperu.com\/index.php\/wp-json\/wp\/v2\/media?parent=49133"}],"wp:term":[{"taxonomy":"category","embeddable":true,"href":"https:\/\/elinformanteperu.com\/index.php\/wp-json\/wp\/v2\/categories?post=49133"},{"taxonomy":"post_tag","embeddable":true,"href":"https:\/\/elinformanteperu.com\/index.php\/wp-json\/wp\/v2\/tags?post=49133"}],"curies":[{"name":"wp","href":"https:\/\/api.w.org\/{rel}","templated":true}]}}