{"id":49130,"date":"2019-05-15T23:48:17","date_gmt":"2019-05-16T04:48:17","guid":{"rendered":"http:\/\/elinformanteperu.com\/?p=49130"},"modified":"2019-05-15T23:48:17","modified_gmt":"2019-05-16T04:48:17","slug":"ministerio-de-cultura-explico-los-alcances-de-la-ley-de-cine","status":"publish","type":"post","link":"https:\/\/elinformanteperu.com\/index.php\/2019\/05\/15\/ministerio-de-cultura-explico-los-alcances-de-la-ley-de-cine\/","title":{"rendered":"Ministerio de Cultura explic\u00f3 los alcances de la Ley de Cine"},"content":{"rendered":"<p><strong><span style=\"color: #000000;\">Proyecto se encuentra pendiente de segunda votaci\u00f3n en el Pleno. El Ministerio de Cultura realiz\u00f3 la lectura detallada y explic\u00f3 los alcances del proyecto de Ley de Cine.<\/span><\/strong><\/p>\n<p><span style=\"color: #000000;\"><strong>Lima, 15 Mayo 2019, (ANDINA).-<\/strong> En el marco de la participaci\u00f3n ciudadana y acceso a la informaci\u00f3n, el Ministerio de Cultura realiz\u00f3 la lectura detallada y explic\u00f3 los alcances del proyecto de Ley de Promoci\u00f3n de la Actividad Cinematogr\u00e1fica y el Audiovisual &#8211; Ley de Cine, al sector involucrado (realizadores, productores y gestores culturales, entre otros) adem\u00e1s de la ciudadan\u00eda.<\/span><\/p>\n<p><span style=\"color: #000000;\">La sesi\u00f3n informativa se denomin\u00f3 \u201cNueva Ley de Promoci\u00f3n de la Actividad Cinematogr\u00e1fica y el Audiovisual: \u00bfCu\u00e1l es su alcance y su impacto?\u201d, y tuvo lugar en la Sala Armando Robles Godoy del Ministerio de Cultura.<\/span><\/p>\n<p><span style=\"color: #000000;\">La lectura comentada estuvo a cargo del director de la Direcci\u00f3n del Audiovisual, la Fonograf\u00eda y los Nuevos Medios, Pierre Emile Vandoorne.<\/span><\/p>\n<p><span style=\"color: #000000;\">El funcionario tambi\u00e9n explic\u00f3 la ruta que sigue un proyecto de ley del Poder Ejecutivo hasta que ingresa al Congreso de la Rep\u00fablica para su posterior debate y aprobaci\u00f3n.<\/span><\/p>\n<p><span style=\"color: #000000;\">Este proyecto es un esfuerzo conjunto del Ministerio de Cultura, asociaciones y gremios cinematogr\u00e1ficos, la sociedad civil y representantes del Parlamento.<\/span><\/p>\n<p><span style=\"color: #000000;\">La charla, adem\u00e1s, fue difundida de manera virtual para todas las regiones del pa\u00eds, a fin de informar de los beneficios de la ley a quienes desarrollan iniciativas cinematogr\u00e1ficas y audiovisuales.<\/span><\/p>\n<p><img fetchpriority=\"high\" decoding=\"async\" class=\"aligncenter  wp-image-13908\" src=\"http:\/\/elinformanteperu.com\/wp-content\/uploads\/2017\/08\/festival-de-cine.jpg\" alt=\"\" width=\"459\" height=\"305\" srcset=\"https:\/\/elinformanteperu.com\/wp-content\/uploads\/2017\/08\/festival-de-cine.jpg 400w, https:\/\/elinformanteperu.com\/wp-content\/uploads\/2017\/08\/festival-de-cine-300x200.jpg 300w, https:\/\/elinformanteperu.com\/wp-content\/uploads\/2017\/08\/festival-de-cine-128x85.jpg 128w, https:\/\/elinformanteperu.com\/wp-content\/uploads\/2017\/08\/festival-de-cine-32x21.jpg 32w\" sizes=\"(max-width: 459px) 100vw, 459px\" \/><\/p>\n<p><span style=\"color: #000000;\">Es importante precisar que la nueva Ley del Cine, que se aprob\u00f3 en primera votaci\u00f3n y espera su ratificaci\u00f3n en la pr\u00f3xima sesi\u00f3n del Pleno, propone cambios con respecto a la normativa vigente (Ley N\u00b0 26370).<\/span><\/p>\n<p><span style=\"color: #000000;\">Adem\u00e1s de largometrajes y cortometrajes, permite financiar otros proyectos audiovisuales como series de televisi\u00f3n, contenidos para medios digitales audiovisuales, festivales, acciones de formaci\u00f3n y rescate del patrimonio audiovisual, entre otros.<\/span><\/p>\n<p><span style=\"color: #000000;\">Para ello, se establece una asignaci\u00f3n presupuestal anual m\u00ednima de 6000 UIT.<\/span><\/p>\n<p><span style=\"color: #000000;\">Las actividades que lo requieren (por ejemplo, en \u00e1reas como la promoci\u00f3n internacional o la distribuci\u00f3n) pueden acceder autom\u00e1ticamente a est\u00edmulos cumpliendo criterios objetivos, sin necesidad de comit\u00e9s y concursos.<\/span><\/p>\n<p><span style=\"color: #000000;\">Los est\u00edmulos se dan a nivel nacional, pero entre 30% y 40% de ellos no pueden ser otorgados por proyectos postulados desde Lima, sino solo por proyectos postulados desde regiones.<\/span><\/p>\n<p><span style=\"color: #000000;\">El porcentaje restante (entre 60% y 70%) est\u00e1 abierto a postulaciones de todas las regiones del pa\u00eds, incluyendo Lima.<\/span><\/p>\n<p><span style=\"color: #000000;\">Las personas jur\u00eddicas y naturales pueden donar dinero a proyectos cinematogr\u00e1ficos nacionales o extranjeros certificados por el Ministerio de Cultura y deducir lo invertido en su declaraci\u00f3n de impuesto a la renta, hasta el 10% de la misma.<\/span><\/p>\n<p><img decoding=\"async\" class=\"aligncenter size-full wp-image-34620\" src=\"http:\/\/elinformanteperu.com\/wp-content\/uploads\/2018\/10\/cineplanet.jpg\" alt=\"\" width=\"1800\" height=\"1200\" srcset=\"https:\/\/elinformanteperu.com\/wp-content\/uploads\/2018\/10\/cineplanet.jpg 1800w, https:\/\/elinformanteperu.com\/wp-content\/uploads\/2018\/10\/cineplanet-300x200.jpg 300w, https:\/\/elinformanteperu.com\/wp-content\/uploads\/2018\/10\/cineplanet-768x512.jpg 768w, https:\/\/elinformanteperu.com\/wp-content\/uploads\/2018\/10\/cineplanet-1024x683.jpg 1024w, https:\/\/elinformanteperu.com\/wp-content\/uploads\/2018\/10\/cineplanet-128x85.jpg 128w, https:\/\/elinformanteperu.com\/wp-content\/uploads\/2018\/10\/cineplanet-32x21.jpg 32w\" sizes=\"(max-width: 1800px) 100vw, 1800px\" \/><\/p>\n","protected":false},"excerpt":{"rendered":"<p>Proyecto se encuentra pendiente de segunda votaci\u00f3n en el Pleno. El Ministerio de Cultura realiz\u00f3 la lectura detallada y explic\u00f3 los alcances del proyecto de Ley de Cine. Lima, 15 Mayo 2019, (ANDINA).- En el marco de la participaci\u00f3n ciudadana y acceso a la informaci\u00f3n, el Ministerio de Cultura realiz\u00f3 la lectura detallada y explic\u00f3 [&hellip;]<\/p>\n","protected":false},"author":1,"featured_media":49131,"comment_status":"open","ping_status":"open","sticky":false,"template":"","format":"standard","meta":{"rop_custom_images_group":[],"rop_custom_messages_group":[],"rop_publish_now":"initial","rop_publish_now_accounts":[],"rop_publish_now_history":[],"rop_publish_now_status":"pending","footnotes":""},"categories":[7],"tags":[488,192,4387],"class_list":["post-49130","post","type-post","status-publish","format-standard","has-post-thumbnail","hentry","category-butaca","tag-cine","tag-congreso","tag-ley-del-cine"],"_links":{"self":[{"href":"https:\/\/elinformanteperu.com\/index.php\/wp-json\/wp\/v2\/posts\/49130","targetHints":{"allow":["GET"]}}],"collection":[{"href":"https:\/\/elinformanteperu.com\/index.php\/wp-json\/wp\/v2\/posts"}],"about":[{"href":"https:\/\/elinformanteperu.com\/index.php\/wp-json\/wp\/v2\/types\/post"}],"author":[{"embeddable":true,"href":"https:\/\/elinformanteperu.com\/index.php\/wp-json\/wp\/v2\/users\/1"}],"replies":[{"embeddable":true,"href":"https:\/\/elinformanteperu.com\/index.php\/wp-json\/wp\/v2\/comments?post=49130"}],"version-history":[{"count":1,"href":"https:\/\/elinformanteperu.com\/index.php\/wp-json\/wp\/v2\/posts\/49130\/revisions"}],"predecessor-version":[{"id":49132,"href":"https:\/\/elinformanteperu.com\/index.php\/wp-json\/wp\/v2\/posts\/49130\/revisions\/49132"}],"wp:featuredmedia":[{"embeddable":true,"href":"https:\/\/elinformanteperu.com\/index.php\/wp-json\/wp\/v2\/media\/49131"}],"wp:attachment":[{"href":"https:\/\/elinformanteperu.com\/index.php\/wp-json\/wp\/v2\/media?parent=49130"}],"wp:term":[{"taxonomy":"category","embeddable":true,"href":"https:\/\/elinformanteperu.com\/index.php\/wp-json\/wp\/v2\/categories?post=49130"},{"taxonomy":"post_tag","embeddable":true,"href":"https:\/\/elinformanteperu.com\/index.php\/wp-json\/wp\/v2\/tags?post=49130"}],"curies":[{"name":"wp","href":"https:\/\/api.w.org\/{rel}","templated":true}]}}