{"id":49126,"date":"2019-05-15T23:43:07","date_gmt":"2019-05-16T04:43:07","guid":{"rendered":"http:\/\/elinformanteperu.com\/?p=49126"},"modified":"2019-05-15T23:43:07","modified_gmt":"2019-05-16T04:43:07","slug":"seleccion-peruana-estos-son-los-40-convocados-por-gareca-para-copa-america","status":"publish","type":"post","link":"https:\/\/elinformanteperu.com\/index.php\/2019\/05\/15\/seleccion-peruana-estos-son-los-40-convocados-por-gareca-para-copa-america\/","title":{"rendered":"Selecci\u00f3n Peruana: Estos son los 40 convocados por Gareca para Copa Am\u00e9rica"},"content":{"rendered":"<p><strong><span style=\"color: #000000;\">La selecci\u00f3n peruana present\u00f3 la lista preliminar de 40 futbolistas con miras a la Copa Am\u00e9rica 2019, cuya inauguraci\u00f3n ser\u00e1, aproximadamente, dentro de un mes.<\/span><\/strong><\/p>\n<p><span style=\"color: #000000;\"><strong>Lima, 15 Mayo 2019, (ANDINA).-<\/strong> La selecci\u00f3n peruana present\u00f3 la lista preliminar de 40 futbolistas con miras a la Copa Am\u00e9rica 2019.<\/span><\/p>\n<p><span style=\"color: #000000;\">La selecci\u00f3n de Per\u00fa se sit\u00faa en el grupo A de la Copa Am\u00e9rica junto al anfitri\u00f3n Brasil, Venezuela y Bolivia.<\/span><\/p>\n<p><strong><span style=\"color: #000000;\">Arqueros<\/span><\/strong><\/p>\n<p><span style=\"color: #000000;\">Pedro Gallese (Alianza Lima)<\/span><br \/>\n<span style=\"color: #000000;\">Jos\u00e9 Carvallo (Universitario)<\/span><br \/>\n<span style=\"color: #000000;\">Patricio \u00c1lvarez (Sporting Cristal)<\/span><br \/>\n<span style=\"color: #000000;\">Carlos C\u00e1ceda (Melgar).<\/span><\/p>\n<p><strong><span style=\"color: #000000;\">Defensas:<\/span><\/strong><\/p>\n<p><span style=\"color: #000000;\">Luis Abram (V\u00e9lez Sarsfield)<\/span><br \/>\n<span style=\"color: #000000;\">Luis Adv\u00edncula (Rayo Vallecano)<\/span><br \/>\n<span style=\"color: #000000;\">Miguel Araujo (Talleres)<\/span><br \/>\n<span style=\"color: #000000;\">Alexander Callens (New York City)<\/span><br \/>\n<span style=\"color: #000000;\">Gianfranco Ch\u00e1vez (Sporting Cristal)<\/span><br \/>\n<span style=\"color: #000000;\">Aldo Corzo (Universitario)<\/span><br \/>\n<span style=\"color: #000000;\">Marcos L\u00f3pez (San Jose Earthquakes)<\/span><br \/>\n<span style=\"color: #000000;\">Christian Ramos (Melgar)<\/span><br \/>\n<span style=\"color: #000000;\">Anderson Santamar\u00eda (Atlas)<\/span><br \/>\n<span style=\"color: #000000;\">Miguel Trauco (Flamengo)<\/span><br \/>\n<span style=\"color: #000000;\">Carlos Zambrano (Basilea).<\/span><\/p>\n<p><strong><span style=\"color: #000000;\">Volantes:<\/span><\/strong><\/p>\n<p><span style=\"color: #000000;\">Armando Alfageme (Universitario)<\/span><br \/>\n<span style=\"color: #000000;\">Pedro Aquino (Le\u00f3n)<\/span><br \/>\n<span style=\"color: #000000;\">Alexis Arias (Melgar)<\/span><br \/>\n<span style=\"color: #000000;\">Josepmir Ball\u00f3n (Universidad de Concepci\u00f3n)<\/span><br \/>\n<span style=\"color: #000000;\">Cristian Benavente (Pyramids)<\/span><br \/>\n<span style=\"color: #000000;\">Horacio Calcaterra (Sporting Cristal)<\/span><br \/>\n<span style=\"color: #000000;\">Wilder Cartagena (Alianza Lima)<\/span><br \/>\n<span style=\"color: #000000;\">Christian Cueva (Santos)<\/span><br \/>\n<span style=\"color: #000000;\">Edison Flores (Monarcas Morelia)<\/span><br \/>\n<span style=\"color: #000000;\">Christofer Gonz\u00e1les (Sporting Cristal)<\/span><br \/>\n<span style=\"color: #000000;\">Paolo Hurtado (Konyaspor)<\/span><br \/>\n<span style=\"color: #000000;\">Leonardo Mifflin (Melgar)<\/span><br \/>\n<span style=\"color: #000000;\">Jes\u00fas Pretell (Sporting Cristal)<\/span><br \/>\n<span style=\"color: #000000;\">Joel S\u00e1nchez (Melgar)<\/span><br \/>\n<span style=\"color: #000000;\">Renato Tapia (Willem II)<\/span><br \/>\n<span style=\"color: #000000;\">Yoshimar Yot\u00fan (Cruz Azul).<\/span><\/p>\n<p><strong><span style=\"color: #000000;\">Delanteros:<\/span><\/strong><\/p>\n<p><span style=\"color: #000000;\">Andr\u00e9 Carrillo (Al-Hilal)<\/span><br \/>\n<span style=\"color: #000000;\">Gabriel Costa (Colo Colo)<\/span><br \/>\n<span style=\"color: #000000;\">Beto da Silva (Lobos BUAP)<\/span><br \/>\n<span style=\"color: #000000;\">Jefferson Farf\u00e1n (Lokomotiv)<\/span><br \/>\n<span style=\"color: #000000;\">Paolo Guerrero (Internacional)<\/span><br \/>\n<span style=\"color: #000000;\">Andy Polo (Portland Timbers)<\/span><br \/>\n<span style=\"color: #000000;\">Kevin Quevedo (Alianza Lima)<\/span><br \/>\n<span style=\"color: #000000;\">Yordy Reyna (Vancouver Whitecaps) <\/span><br \/>\n<span style=\"color: #000000;\">Ra\u00fal Ruid\u00edaz (Seattle Sounders).<\/span><\/p>\n<p><img fetchpriority=\"high\" decoding=\"async\" class=\"aligncenter size-full wp-image-49128\" src=\"http:\/\/elinformanteperu.com\/wp-content\/uploads\/2019\/05\/lista-40.jpg\" alt=\"\" width=\"825\" height=\"815\" srcset=\"https:\/\/elinformanteperu.com\/wp-content\/uploads\/2019\/05\/lista-40.jpg 825w, https:\/\/elinformanteperu.com\/wp-content\/uploads\/2019\/05\/lista-40-300x296.jpg 300w, https:\/\/elinformanteperu.com\/wp-content\/uploads\/2019\/05\/lista-40-768x759.jpg 768w, https:\/\/elinformanteperu.com\/wp-content\/uploads\/2019\/05\/lista-40-128x126.jpg 128w, https:\/\/elinformanteperu.com\/wp-content\/uploads\/2019\/05\/lista-40-32x32.jpg 32w, https:\/\/elinformanteperu.com\/wp-content\/uploads\/2019\/05\/lista-40-60x60.jpg 60w, https:\/\/elinformanteperu.com\/wp-content\/uploads\/2019\/05\/lista-40-50x50.jpg 50w\" sizes=\"(max-width: 825px) 100vw, 825px\" \/><\/p>\n","protected":false},"excerpt":{"rendered":"<p>La selecci\u00f3n peruana present\u00f3 la lista preliminar de 40 futbolistas con miras a la Copa Am\u00e9rica 2019, cuya inauguraci\u00f3n ser\u00e1, aproximadamente, dentro de un mes. Lima, 15 Mayo 2019, (ANDINA).- La selecci\u00f3n peruana present\u00f3 la lista preliminar de 40 futbolistas con miras a la Copa Am\u00e9rica 2019. La selecci\u00f3n de Per\u00fa se sit\u00faa en el [&hellip;]<\/p>\n","protected":false},"author":1,"featured_media":49127,"comment_status":"open","ping_status":"open","sticky":false,"template":"","format":"standard","meta":{"rop_custom_images_group":[],"rop_custom_messages_group":[],"rop_publish_now":"initial","rop_publish_now_accounts":[],"rop_publish_now_history":[],"rop_publish_now_status":"pending","footnotes":""},"categories":[8],"tags":[4102,92,137],"class_list":["post-49126","post","type-post","status-publish","format-standard","has-post-thumbnail","hentry","category-disciplinas-deportivas","tag-copa-america-2019","tag-ricardo-gareca","tag-seleccion-peruana"],"_links":{"self":[{"href":"https:\/\/elinformanteperu.com\/index.php\/wp-json\/wp\/v2\/posts\/49126","targetHints":{"allow":["GET"]}}],"collection":[{"href":"https:\/\/elinformanteperu.com\/index.php\/wp-json\/wp\/v2\/posts"}],"about":[{"href":"https:\/\/elinformanteperu.com\/index.php\/wp-json\/wp\/v2\/types\/post"}],"author":[{"embeddable":true,"href":"https:\/\/elinformanteperu.com\/index.php\/wp-json\/wp\/v2\/users\/1"}],"replies":[{"embeddable":true,"href":"https:\/\/elinformanteperu.com\/index.php\/wp-json\/wp\/v2\/comments?post=49126"}],"version-history":[{"count":1,"href":"https:\/\/elinformanteperu.com\/index.php\/wp-json\/wp\/v2\/posts\/49126\/revisions"}],"predecessor-version":[{"id":49129,"href":"https:\/\/elinformanteperu.com\/index.php\/wp-json\/wp\/v2\/posts\/49126\/revisions\/49129"}],"wp:featuredmedia":[{"embeddable":true,"href":"https:\/\/elinformanteperu.com\/index.php\/wp-json\/wp\/v2\/media\/49127"}],"wp:attachment":[{"href":"https:\/\/elinformanteperu.com\/index.php\/wp-json\/wp\/v2\/media?parent=49126"}],"wp:term":[{"taxonomy":"category","embeddable":true,"href":"https:\/\/elinformanteperu.com\/index.php\/wp-json\/wp\/v2\/categories?post=49126"},{"taxonomy":"post_tag","embeddable":true,"href":"https:\/\/elinformanteperu.com\/index.php\/wp-json\/wp\/v2\/tags?post=49126"}],"curies":[{"name":"wp","href":"https:\/\/api.w.org\/{rel}","templated":true}]}}